{"id":915,"date":"2023-11-02T17:29:53","date_gmt":"2023-11-02T16:29:53","guid":{"rendered":"https:\/\/pigyki.fr\/?p=915"},"modified":"2024-01-19T22:25:25","modified_gmt":"2024-01-19T21:25:25","slug":"el-ideal-en-cuestion","status":"publish","type":"post","link":"https:\/\/pigyki.fr\/index.php\/es\/2023\/11\/02\/el-ideal-en-cuestion\/","title":{"rendered":"El ideal en cuesti\u00f3n"},"content":{"rendered":"\n<p>Llegado al final de mi carrera, me gustar\u00eda compartir mis reflexiones y preguntas sobre lo que me ha guiado durante 44 a\u00f1os.<\/p>\n\n\n\n<p>Tuve la suerte de conocer al hombre que me ense\u00f1\u00f3 mi profesi\u00f3n y me revel\u00f3 mi vocaci\u00f3n de maestra: Jacques Chapuis. Siempre le estar\u00e9 agradecida por haberme dado a conocer la pedagog\u00eda Willems\u00ae, que he utilizado a lo largo de toda mi carrera, primero como profesora y luego como formadora de profesores.<\/p>\n\n\n\n<p>El primer libro que le\u00ed sobre este tema fue coescrito por Jacques y B\u00e9atrice Chapuis: \u00ab\u00a0Sur les pas d&rsquo;Edgar Willems, une vie, une \u0153uvre, un id\u00e9al\u00a0\u00bb. Jacques Chapuis insist\u00eda mucho en sus cursos sobre este objetivo ideal. El ideal musical y el ideal humano.<\/p>\n\n\n\n<h4 class=\"wp-block-heading\">\u00bfQu\u00e9 es un ideal?<\/h4>\n\n\n\n<p>Algunas definiciones recogidas aqu\u00ed y all\u00e1:<br>&#8211; Aquello que se concibe y se representa en la mente sin ser o poder ser percibido por los sentidos.<br>&#8211; Aquello que alcanza toda la perfecci\u00f3n que podemos concebir o desear.<br>&#8211; Lo que nos representamos o proponemos como tipo perfecto o modelo absoluto (en el \u00e1mbito pr\u00e1ctico, est\u00e9tico o intelectual).<br>&#8211; Lo que dar\u00eda perfecta satisfacci\u00f3n a las aspiraciones del coraz\u00f3n o de la mente.<br>&#8211; Aquello que es concebido por la mente, que tiene el car\u00e1cter de una idea: La l\u00ednea recta es una l\u00ednea ideal.<br>&#8211; Existe s\u00f3lo como idea, concepto del pensamiento, especulaci\u00f3n, y no en la realidad: La sociedad ideal descrita por Plat\u00f3n en la \u00ab\u00a0Rep\u00fablica\u00a0\u00bb.<br>&#8211; &#8230;<\/p>\n\n\n\n<p>De esta breve lista se desprende que el ideal es abstracto, no real, y que puede proporcionar una direcci\u00f3n, una b\u00fasqueda de la perfecci\u00f3n. Entonces, \u00bfpodemos encarnar un ideal? No, porque el ideal reside en la idea que tenemos de \u00e9l.<\/p>\n\n\n\n<p>\u00bfPodemos perseguir un ideal? Sin duda, buscando la perfecci\u00f3n.<br>Entonces, \u00bfpodemos ser perfectos? Yo creo que no.<\/p>\n\n\n\n<p>Y sin embargo, si alcanzara la perfecci\u00f3n en mi campo, \u00bfqu\u00e9 satisfacci\u00f3n obtendr\u00eda de ello? \u00bfY qu\u00e9 ser\u00eda de mi objetivo?<\/p>\n\n\n\n<p>No puedo responder a estas preguntas, ya que nunca he alcanzado la perfecci\u00f3n en mi campo.<br>Por otra parte, veo claramente los peligros de una b\u00fasqueda as\u00ed.<\/p>\n\n\n\n<p>Primero: la frustraci\u00f3n de la insatisfacci\u00f3n permanente. Porque, en realidad, el ideal es inalcanzable por naturaleza.<br>Vivir en la b\u00fasqueda constante del ideal es vivir en el fracaso constante. Y eso es insoportable.<\/p>\n\n\n\n<p>Segundo: el riesgo de ser juzgado constantemente por quienes afirman, o dan a entender, que dominan su campo a la perfecci\u00f3n. Porque si alguien es perfecto, entonces es superior a los dem\u00e1s, y corre el riesgo de ejercer un poder absoluto.<\/p>\n\n\n\n<p>As\u00ed que creo que es m\u00e1s razonable promover un camino que sea accesible para todos, y totalmente alcanzable en t\u00e9rminos pr\u00e1cticos.<\/p>\n\n\n\n<h4 class=\"wp-block-heading\">\u00bfQu\u00e9 tiene esto que ver con la pedagog\u00eda?<\/h4>\n\n\n\n<p>Puede haber confusi\u00f3n entre un ideal que inspira un compromiso con la educaci\u00f3n humanista a trav\u00e9s de la m\u00fasica, y una b\u00fasqueda de la perfecci\u00f3n en el d\u00eda a d\u00eda que conduce a una insatisfacci\u00f3n permanente.<br>El ideal puede llevarnos a dar lo mejor de nosotros mismos en el momento, y a guiar a nuestros alumnos en la misma direcci\u00f3n, pero no debe llevarnos a juzgarnos a nosotros mismos o a nuestros alumnos si esto mejor de nosotros mismos no es perfecto.<br>La b\u00fasqueda de la \u00ab\u00a0excelencia\u00a0\u00bb puede conducir a esa deriva, una de cuyas consecuencias es la promoci\u00f3n de una \u00e9lite que tiene el poder de \u00ab\u00a0saber c\u00f3mo alcanzar el ideal\u00a0\u00bb\u2026<\/p>\n\n\n\n<p>Hay una forma sencilla de evitarlo: poner el list\u00f3n de nuestros objetivos a una altura que podamos alcanzar sin dolor, y no forzarnos a alcanzar un ideal crey\u00e9ndolo alcanzable. Esto se aplica tanto a nosotros mismos como a nuestros alumnos y estudiantes.<\/p>\n\n\n\n<p>Dejemos el ideal para el futuro y vivamos felices el presente.<\/p>\n","protected":false},"excerpt":{"rendered":"<p>Llegado al final de mi carrera, me gustar\u00eda compartir mis reflexiones y preguntas sobre lo que me ha guiado durante 44 a\u00f1os.<\/p>\n","protected":false},"author":1,"featured_media":911,"comment_status":"open","ping_status":"closed","sticky":false,"template":"","format":"standard","meta":{"rop_custom_images_group":[],"rop_custom_messages_group":[],"rop_publish_now":"initial","rop_publish_now_accounts":[],"rop_publish_now_history":[],"rop_publish_now_status":"pending","footnotes":""},"categories":[61,101,87],"tags":[],"class_list":["post-915","post","type-post","status-publish","format-standard","has-post-thumbnail","hentry","category-pedagogia","category-pedagogia-2","category-pedagogie-es"],"yoast_head":"<!-- This site is optimized with the Yoast SEO plugin v27.5 - https:\/\/yoast.com\/product\/yoast-seo-wordpress\/ -->\n<title>El ideal en cuesti\u00f3n - Pigyki<\/title>\n<meta name=\"robots\" content=\"index, follow, max-snippet:-1, max-image-preview:large, max-video-preview:-1\" \/>\n<link rel=\"canonical\" href=\"https:\/\/pigyki.fr\/index.php\/es\/2023\/11\/02\/el-ideal-en-cuestion\/\" \/>\n<meta property=\"og:locale\" content=\"fr_FR\" \/>\n<meta property=\"og:type\" content=\"article\" \/>\n<meta property=\"og:title\" content=\"El ideal en cuesti\u00f3n - Pigyki\" \/>\n<meta property=\"og:description\" content=\"Llegado al final de mi carrera, me gustar\u00eda compartir mis reflexiones y preguntas sobre lo que me ha guiado durante 44 a\u00f1os.\" \/>\n<meta property=\"og:url\" content=\"https:\/\/pigyki.fr\/index.php\/es\/2023\/11\/02\/el-ideal-en-cuestion\/\" \/>\n<meta property=\"og:site_name\" content=\"Pigyki\" \/>\n<meta property=\"article:published_time\" content=\"2023-11-02T16:29:53+00:00\" \/>\n<meta property=\"article:modified_time\" content=\"2024-01-19T21:25:25+00:00\" \/>\n<meta property=\"og:image\" content=\"https:\/\/pigyki.fr\/wp-content\/uploads\/2023\/11\/creation-adam-e1698942127538.jpg\" \/>\n\t<meta property=\"og:image:width\" content=\"1100\" \/>\n\t<meta property=\"og:image:height\" content=\"632\" \/>\n\t<meta property=\"og:image:type\" content=\"image\/jpeg\" \/>\n<meta name=\"author\" content=\"Pigyki\" \/>\n<meta name=\"twitter:card\" content=\"summary_large_image\" \/>\n<meta name=\"twitter:label1\" content=\"\u00c9crit par\" \/>\n\t<meta name=\"twitter:data1\" content=\"Pigyki\" \/>\n\t<meta name=\"twitter:label2\" content=\"Dur\u00e9e de lecture estim\u00e9e\" \/>\n\t<meta name=\"twitter:data2\" content=\"4 minutes\" \/>\n<script type=\"application\/ld+json\" class=\"yoast-schema-graph\">{\"@context\":\"https:\\\/\\\/schema.org\",\"@graph\":[{\"@type\":\"Article\",\"@id\":\"https:\\\/\\\/pigyki.fr\\\/index.php\\\/es\\\/2023\\\/11\\\/02\\\/el-ideal-en-cuestion\\\/#article\",\"isPartOf\":{\"@id\":\"https:\\\/\\\/pigyki.fr\\\/index.php\\\/es\\\/2023\\\/11\\\/02\\\/el-ideal-en-cuestion\\\/\"},\"author\":{\"name\":\"Pigyki\",\"@id\":\"https:\\\/\\\/pigyki.fr\\\/#\\\/schema\\\/person\\\/69b76bc8a17bddaf3ffd40d3cc9a4161\"},\"headline\":\"El ideal en cuesti\u00f3n\",\"datePublished\":\"2023-11-02T16:29:53+00:00\",\"dateModified\":\"2024-01-19T21:25:25+00:00\",\"mainEntityOfPage\":{\"@id\":\"https:\\\/\\\/pigyki.fr\\\/index.php\\\/es\\\/2023\\\/11\\\/02\\\/el-ideal-en-cuestion\\\/\"},\"wordCount\":675,\"commentCount\":4,\"publisher\":{\"@id\":\"https:\\\/\\\/pigyki.fr\\\/#\\\/schema\\\/person\\\/69b76bc8a17bddaf3ffd40d3cc9a4161\"},\"image\":{\"@id\":\"https:\\\/\\\/pigyki.fr\\\/index.php\\\/es\\\/2023\\\/11\\\/02\\\/el-ideal-en-cuestion\\\/#primaryimage\"},\"thumbnailUrl\":\"https:\\\/\\\/pigyki.fr\\\/wp-content\\\/uploads\\\/2023\\\/11\\\/creation-adam-e1698942127538.jpg\",\"articleSection\":[\"Cuestiones pedag\u00f3gicas Art\u00edculos publicados\",\"Pedagog\u00eda\",\"P\u00e9dagogie\"],\"inLanguage\":\"fr-FR\",\"potentialAction\":[{\"@type\":\"CommentAction\",\"name\":\"Comment\",\"target\":[\"https:\\\/\\\/pigyki.fr\\\/index.php\\\/es\\\/2023\\\/11\\\/02\\\/el-ideal-en-cuestion\\\/#respond\"]}]},{\"@type\":\"WebPage\",\"@id\":\"https:\\\/\\\/pigyki.fr\\\/index.php\\\/es\\\/2023\\\/11\\\/02\\\/el-ideal-en-cuestion\\\/\",\"url\":\"https:\\\/\\\/pigyki.fr\\\/index.php\\\/es\\\/2023\\\/11\\\/02\\\/el-ideal-en-cuestion\\\/\",\"name\":\"El ideal en cuesti\u00f3n - Pigyki\",\"isPartOf\":{\"@id\":\"https:\\\/\\\/pigyki.fr\\\/#website\"},\"primaryImageOfPage\":{\"@id\":\"https:\\\/\\\/pigyki.fr\\\/index.php\\\/es\\\/2023\\\/11\\\/02\\\/el-ideal-en-cuestion\\\/#primaryimage\"},\"image\":{\"@id\":\"https:\\\/\\\/pigyki.fr\\\/index.php\\\/es\\\/2023\\\/11\\\/02\\\/el-ideal-en-cuestion\\\/#primaryimage\"},\"thumbnailUrl\":\"https:\\\/\\\/pigyki.fr\\\/wp-content\\\/uploads\\\/2023\\\/11\\\/creation-adam-e1698942127538.jpg\",\"datePublished\":\"2023-11-02T16:29:53+00:00\",\"dateModified\":\"2024-01-19T21:25:25+00:00\",\"breadcrumb\":{\"@id\":\"https:\\\/\\\/pigyki.fr\\\/index.php\\\/es\\\/2023\\\/11\\\/02\\\/el-ideal-en-cuestion\\\/#breadcrumb\"},\"inLanguage\":\"fr-FR\",\"potentialAction\":[{\"@type\":\"ReadAction\",\"target\":[\"https:\\\/\\\/pigyki.fr\\\/index.php\\\/es\\\/2023\\\/11\\\/02\\\/el-ideal-en-cuestion\\\/\"]}]},{\"@type\":\"ImageObject\",\"inLanguage\":\"fr-FR\",\"@id\":\"https:\\\/\\\/pigyki.fr\\\/index.php\\\/es\\\/2023\\\/11\\\/02\\\/el-ideal-en-cuestion\\\/#primaryimage\",\"url\":\"https:\\\/\\\/pigyki.fr\\\/wp-content\\\/uploads\\\/2023\\\/11\\\/creation-adam-e1698942127538.jpg\",\"contentUrl\":\"https:\\\/\\\/pigyki.fr\\\/wp-content\\\/uploads\\\/2023\\\/11\\\/creation-adam-e1698942127538.jpg\",\"width\":1100,\"height\":632},{\"@type\":\"BreadcrumbList\",\"@id\":\"https:\\\/\\\/pigyki.fr\\\/index.php\\\/es\\\/2023\\\/11\\\/02\\\/el-ideal-en-cuestion\\\/#breadcrumb\",\"itemListElement\":[{\"@type\":\"ListItem\",\"position\":1,\"name\":\"Accueil\",\"item\":\"https:\\\/\\\/pigyki.fr\\\/\"},{\"@type\":\"ListItem\",\"position\":2,\"name\":\"El ideal en cuesti\u00f3n\"}]},{\"@type\":\"WebSite\",\"@id\":\"https:\\\/\\\/pigyki.fr\\\/#website\",\"url\":\"https:\\\/\\\/pigyki.fr\\\/\",\"name\":\"Pigyki\",\"description\":\"C.L. al fine\",\"publisher\":{\"@id\":\"https:\\\/\\\/pigyki.fr\\\/#\\\/schema\\\/person\\\/69b76bc8a17bddaf3ffd40d3cc9a4161\"},\"potentialAction\":[{\"@type\":\"SearchAction\",\"target\":{\"@type\":\"EntryPoint\",\"urlTemplate\":\"https:\\\/\\\/pigyki.fr\\\/?s={search_term_string}\"},\"query-input\":{\"@type\":\"PropertyValueSpecification\",\"valueRequired\":true,\"valueName\":\"search_term_string\"}}],\"inLanguage\":\"fr-FR\"},{\"@type\":[\"Person\",\"Organization\"],\"@id\":\"https:\\\/\\\/pigyki.fr\\\/#\\\/schema\\\/person\\\/69b76bc8a17bddaf3ffd40d3cc9a4161\",\"name\":\"Pigyki\",\"image\":{\"@type\":\"ImageObject\",\"inLanguage\":\"fr-FR\",\"@id\":\"https:\\\/\\\/pigyki.fr\\\/wp-content\\\/uploads\\\/2023\\\/06\\\/Logo-CL.jpg\",\"url\":\"https:\\\/\\\/pigyki.fr\\\/wp-content\\\/uploads\\\/2023\\\/06\\\/Logo-CL.jpg\",\"contentUrl\":\"https:\\\/\\\/pigyki.fr\\\/wp-content\\\/uploads\\\/2023\\\/06\\\/Logo-CL.jpg\",\"width\":524,\"height\":586,\"caption\":\"Pigyki\"},\"logo\":{\"@id\":\"https:\\\/\\\/pigyki.fr\\\/wp-content\\\/uploads\\\/2023\\\/06\\\/Logo-CL.jpg\"},\"sameAs\":[\"http:\\\/\\\/pigyki.fr\"],\"url\":\"https:\\\/\\\/pigyki.fr\\\/index.php\\\/author\\\/admin4451\\\/\"}]}<\/script>\n<!-- \/ Yoast SEO plugin. -->","yoast_head_json":{"title":"El ideal en cuesti\u00f3n - Pigyki","robots":{"index":"index","follow":"follow","max-snippet":"max-snippet:-1","max-image-preview":"max-image-preview:large","max-video-preview":"max-video-preview:-1"},"canonical":"https:\/\/pigyki.fr\/index.php\/es\/2023\/11\/02\/el-ideal-en-cuestion\/","og_locale":"fr_FR","og_type":"article","og_title":"El ideal en cuesti\u00f3n - Pigyki","og_description":"Llegado al final de mi carrera, me gustar\u00eda compartir mis reflexiones y preguntas sobre lo que me ha guiado durante 44 a\u00f1os.","og_url":"https:\/\/pigyki.fr\/index.php\/es\/2023\/11\/02\/el-ideal-en-cuestion\/","og_site_name":"Pigyki","article_published_time":"2023-11-02T16:29:53+00:00","article_modified_time":"2024-01-19T21:25:25+00:00","og_image":[{"width":1100,"height":632,"url":"https:\/\/pigyki.fr\/wp-content\/uploads\/2023\/11\/creation-adam-e1698942127538.jpg","type":"image\/jpeg"}],"author":"Pigyki","twitter_card":"summary_large_image","twitter_misc":{"\u00c9crit par":"Pigyki","Dur\u00e9e de lecture estim\u00e9e":"4 minutes"},"schema":{"@context":"https:\/\/schema.org","@graph":[{"@type":"Article","@id":"https:\/\/pigyki.fr\/index.php\/es\/2023\/11\/02\/el-ideal-en-cuestion\/#article","isPartOf":{"@id":"https:\/\/pigyki.fr\/index.php\/es\/2023\/11\/02\/el-ideal-en-cuestion\/"},"author":{"name":"Pigyki","@id":"https:\/\/pigyki.fr\/#\/schema\/person\/69b76bc8a17bddaf3ffd40d3cc9a4161"},"headline":"El ideal en cuesti\u00f3n","datePublished":"2023-11-02T16:29:53+00:00","dateModified":"2024-01-19T21:25:25+00:00","mainEntityOfPage":{"@id":"https:\/\/pigyki.fr\/index.php\/es\/2023\/11\/02\/el-ideal-en-cuestion\/"},"wordCount":675,"commentCount":4,"publisher":{"@id":"https:\/\/pigyki.fr\/#\/schema\/person\/69b76bc8a17bddaf3ffd40d3cc9a4161"},"image":{"@id":"https:\/\/pigyki.fr\/index.php\/es\/2023\/11\/02\/el-ideal-en-cuestion\/#primaryimage"},"thumbnailUrl":"https:\/\/pigyki.fr\/wp-content\/uploads\/2023\/11\/creation-adam-e1698942127538.jpg","articleSection":["Cuestiones pedag\u00f3gicas Art\u00edculos publicados","Pedagog\u00eda","P\u00e9dagogie"],"inLanguage":"fr-FR","potentialAction":[{"@type":"CommentAction","name":"Comment","target":["https:\/\/pigyki.fr\/index.php\/es\/2023\/11\/02\/el-ideal-en-cuestion\/#respond"]}]},{"@type":"WebPage","@id":"https:\/\/pigyki.fr\/index.php\/es\/2023\/11\/02\/el-ideal-en-cuestion\/","url":"https:\/\/pigyki.fr\/index.php\/es\/2023\/11\/02\/el-ideal-en-cuestion\/","name":"El ideal en cuesti\u00f3n - Pigyki","isPartOf":{"@id":"https:\/\/pigyki.fr\/#website"},"primaryImageOfPage":{"@id":"https:\/\/pigyki.fr\/index.php\/es\/2023\/11\/02\/el-ideal-en-cuestion\/#primaryimage"},"image":{"@id":"https:\/\/pigyki.fr\/index.php\/es\/2023\/11\/02\/el-ideal-en-cuestion\/#primaryimage"},"thumbnailUrl":"https:\/\/pigyki.fr\/wp-content\/uploads\/2023\/11\/creation-adam-e1698942127538.jpg","datePublished":"2023-11-02T16:29:53+00:00","dateModified":"2024-01-19T21:25:25+00:00","breadcrumb":{"@id":"https:\/\/pigyki.fr\/index.php\/es\/2023\/11\/02\/el-ideal-en-cuestion\/#breadcrumb"},"inLanguage":"fr-FR","potentialAction":[{"@type":"ReadAction","target":["https:\/\/pigyki.fr\/index.php\/es\/2023\/11\/02\/el-ideal-en-cuestion\/"]}]},{"@type":"ImageObject","inLanguage":"fr-FR","@id":"https:\/\/pigyki.fr\/index.php\/es\/2023\/11\/02\/el-ideal-en-cuestion\/#primaryimage","url":"https:\/\/pigyki.fr\/wp-content\/uploads\/2023\/11\/creation-adam-e1698942127538.jpg","contentUrl":"https:\/\/pigyki.fr\/wp-content\/uploads\/2023\/11\/creation-adam-e1698942127538.jpg","width":1100,"height":632},{"@type":"BreadcrumbList","@id":"https:\/\/pigyki.fr\/index.php\/es\/2023\/11\/02\/el-ideal-en-cuestion\/#breadcrumb","itemListElement":[{"@type":"ListItem","position":1,"name":"Accueil","item":"https:\/\/pigyki.fr\/"},{"@type":"ListItem","position":2,"name":"El ideal en cuesti\u00f3n"}]},{"@type":"WebSite","@id":"https:\/\/pigyki.fr\/#website","url":"https:\/\/pigyki.fr\/","name":"Pigyki","description":"C.L. al fine","publisher":{"@id":"https:\/\/pigyki.fr\/#\/schema\/person\/69b76bc8a17bddaf3ffd40d3cc9a4161"},"potentialAction":[{"@type":"SearchAction","target":{"@type":"EntryPoint","urlTemplate":"https:\/\/pigyki.fr\/?s={search_term_string}"},"query-input":{"@type":"PropertyValueSpecification","valueRequired":true,"valueName":"search_term_string"}}],"inLanguage":"fr-FR"},{"@type":["Person","Organization"],"@id":"https:\/\/pigyki.fr\/#\/schema\/person\/69b76bc8a17bddaf3ffd40d3cc9a4161","name":"Pigyki","image":{"@type":"ImageObject","inLanguage":"fr-FR","@id":"https:\/\/pigyki.fr\/wp-content\/uploads\/2023\/06\/Logo-CL.jpg","url":"https:\/\/pigyki.fr\/wp-content\/uploads\/2023\/06\/Logo-CL.jpg","contentUrl":"https:\/\/pigyki.fr\/wp-content\/uploads\/2023\/06\/Logo-CL.jpg","width":524,"height":586,"caption":"Pigyki"},"logo":{"@id":"https:\/\/pigyki.fr\/wp-content\/uploads\/2023\/06\/Logo-CL.jpg"},"sameAs":["http:\/\/pigyki.fr"],"url":"https:\/\/pigyki.fr\/index.php\/author\/admin4451\/"}]}},"_links":{"self":[{"href":"https:\/\/pigyki.fr\/index.php\/wp-json\/wp\/v2\/posts\/915","targetHints":{"allow":["GET"]}}],"collection":[{"href":"https:\/\/pigyki.fr\/index.php\/wp-json\/wp\/v2\/posts"}],"about":[{"href":"https:\/\/pigyki.fr\/index.php\/wp-json\/wp\/v2\/types\/post"}],"author":[{"embeddable":true,"href":"https:\/\/pigyki.fr\/index.php\/wp-json\/wp\/v2\/users\/1"}],"replies":[{"embeddable":true,"href":"https:\/\/pigyki.fr\/index.php\/wp-json\/wp\/v2\/comments?post=915"}],"version-history":[{"count":6,"href":"https:\/\/pigyki.fr\/index.php\/wp-json\/wp\/v2\/posts\/915\/revisions"}],"predecessor-version":[{"id":1208,"href":"https:\/\/pigyki.fr\/index.php\/wp-json\/wp\/v2\/posts\/915\/revisions\/1208"}],"wp:featuredmedia":[{"embeddable":true,"href":"https:\/\/pigyki.fr\/index.php\/wp-json\/wp\/v2\/media\/911"}],"wp:attachment":[{"href":"https:\/\/pigyki.fr\/index.php\/wp-json\/wp\/v2\/media?parent=915"}],"wp:term":[{"taxonomy":"category","embeddable":true,"href":"https:\/\/pigyki.fr\/index.php\/wp-json\/wp\/v2\/categories?post=915"},{"taxonomy":"post_tag","embeddable":true,"href":"https:\/\/pigyki.fr\/index.php\/wp-json\/wp\/v2\/tags?post=915"}],"curies":[{"name":"wp","href":"https:\/\/api.w.org\/{rel}","templated":true}]}}