{"id":8439,"date":"2026-03-05T20:35:53","date_gmt":"2026-03-05T19:35:53","guid":{"rendered":"https:\/\/pigyki.fr\/?p=8439"},"modified":"2026-03-05T22:36:06","modified_gmt":"2026-03-05T21:36:06","slug":"escucha-musical-n82-alba-potes","status":"publish","type":"post","link":"https:\/\/pigyki.fr\/index.php\/es\/2026\/03\/05\/escucha-musical-n82-alba-potes\/","title":{"rendered":"Escucha musical n\u00b082   Alba Potes"},"content":{"rendered":"\n<h1 class=\"wp-block-heading\">Alba Luc\u00eda Potes Cort\u00e9s (*1954)<\/h1>\n\n\n\n<div class=\"wp-block-media-text has-media-on-the-right is-stacked-on-mobile is-image-fill-element\"><div class=\"wp-block-media-text__content\">\n<p><strong>Alba Potes<\/strong> naci\u00f3 en 1954 en Cali, Colombia. Durante su adolescencia, interpretaba m\u00fasica instrumental de los Andes colombianos. Posteriormente, comenz\u00f3 sus estudios en el Conservatorio Antonio Mar\u00eda Valencia, en la Universidad del Valle, donde estudi\u00f3 con el maestro Le\u00f3n J. Simar, y en el Instituto Popular de Cultura, donde explor\u00f3 la m\u00fasica de la costa del Pac\u00edfico. En 1983 se traslad\u00f3 a Estados Unidos, ingres\u00f3 en la Universidad de Temple y comenz\u00f3 a componer en 1989. Su lenguaje musical est\u00e1 influenciado por la tradici\u00f3n musical europea, entremezclada con sonidos, texturas y sutiles referencias a la m\u00fasica colombiana, latinoamericana y del mundo.<\/p>\n\n\n\n<p><strong><em><a href=\"#biographie\">* Biograf\u00eda m\u00e1s detallada extra\u00edda de su sitio web.<\/a><\/em><\/strong><\/p>\n<\/div><figure class=\"wp-block-media-text__media\"><img loading=\"lazy\" decoding=\"async\" width=\"1024\" height=\"576\" src=\"https:\/\/pigyki.fr\/wp-content\/uploads\/2026\/02\/image-12-1024x576.png\" alt=\"\" class=\"wp-image-8355 size-full\" style=\"object-position:35% 54%\"\/><\/figure><\/div>\n\n\n\n<hr class=\"wp-block-separator has-alpha-channel-opacity\"\/>\n\n\n\n<h4 class=\"wp-block-heading\">Escuchas breves<\/h4>\n\n\n\n<p>Recopilaci\u00f3n para instrumentos solistas, 3 piezas<br>Clarinete bajo &#8211; <em>Amarillas<\/em>&#8230; (fragmento) \/ Flauta baja &#8211; <em>Traces<\/em> \/ Viol\u00edn &#8211; <em>Triste<\/em> (fragmento)<\/p>\n\n\n\n<figure class=\"wp-block-audio\"><audio controls src=\"https:\/\/pigyki.fr\/wp-content\/uploads\/2026\/02\/Alba-Potes-Compilation-1.mp3\"><\/audio><\/figure>\n\n\n\n<h5 class=\"wp-block-heading\"><strong><em><a href=\"#tres\">* Tres piezas breves<\/a><\/em><\/strong> (1990\/1997) para Piano<\/h5>\n\n\n\n<p>I. Cantabile &#8211; II. Calmato &#8211; Agitato &#8211; III. Energico<br>Charles Abramovic, Piano (2018)<\/p>\n\n\n\n<figure class=\"wp-block-audio\"><audio controls src=\"https:\/\/pigyki.fr\/wp-content\/uploads\/2026\/02\/Alba-Potes-Tres-piezas-breves-Charles-Abramovic-Piano-1.mp3\"><\/audio><\/figure>\n\n\n\n<h5 class=\"wp-block-heading\"><strong><em><a href=\"#wawes\">* Oleajes<\/a><\/em><\/strong> \/ Waves (2003-rev. 2015) para cuarteto de cuerda<\/h5>\n\n\n\n<p>I. Cantos de Boga &#8211; II. Rhythmic and Insistent &#8211; III. Canto de Funeral<br><em>Momenta Quartet<\/em>: Emilie-Anne Gendron y Alex Shiozaki, violines &#8211; Srephanie Griffin, viola &#8211; Michael Haas, violonchelo<\/p>\n\n\n\n<figure class=\"wp-block-audio\"><audio controls src=\"https:\/\/pigyki.fr\/wp-content\/uploads\/2026\/02\/Oleajes-Waves-by-Alba-Potes-Momenta-Quartet-Las-Americas-en-Concierto-NY.mp3\"><\/audio><\/figure>\n\n\n\n<hr class=\"wp-block-separator has-alpha-channel-opacity\"\/>\n\n\n\n<h5 class=\"wp-block-heading\"><a href=\"#Reflexiones\">* <em>Reflexiones<\/em><\/a> (1991) para viol\u00edn, viola, violonchelo y orquesta de cuerda<\/h5>\n\n\n\n<p>Lucidity Chamberistas &#8211; Eugene Takahashi, direcci\u00f3n<br>Eiko Kano, viol\u00edn solista &#8211; Pedro Vizzarro Vallejos, viola solista &#8211; Leo Soeda, violonchelo solista<\/p>\n\n\n\n<figure class=\"wp-block-audio\"><audio controls src=\"https:\/\/pigyki.fr\/wp-content\/uploads\/2026\/02\/Reflexiones-1991-for-Violin-Viola-Cello-and-String-Orchestra-by-Alba-Potes.mp3\"><\/audio><\/figure>\n\n\n\n<h5 class=\"wp-block-heading\"><a href=\"#nocturnas\">* <strong><em>Canciones Nocturnas<\/em><\/strong><\/a> (1993)<\/h5>\n\n\n\n<p>Estreno colombiano por Susan Narucki, soprano, y el New York New Music Ensemble. Sala Luis \u00c1ngel Arango, Bogot\u00e1, Colombia, 11\/11\/2002.<\/p>\n\n\n\n<figure class=\"wp-block-audio\"><audio controls src=\"https:\/\/pigyki.fr\/wp-content\/uploads\/2026\/02\/Alba-Potes-Canciones-Nocturnas.mp3\"><\/audio><\/figure>\n\n\n\n<h5 class=\"wp-block-heading\"><strong><em><a href=\"#escondidos\">* Cantos Escondidos<\/a><\/em><\/strong> (1995) para saxof\u00f3n alto, violonchelo y piano<\/h5>\n\n\n\n<p>Marshall Taylor, saxof\u00f3n alto &#8211; Charles Abramovic, piano &#8211; Ovidio Marinescu, violonchelo<\/p>\n\n\n\n<figure class=\"wp-block-audio\"><audio controls src=\"https:\/\/pigyki.fr\/wp-content\/uploads\/2026\/02\/Cantos-Escondidos-Hidden-Songs-by-Alba-Potes.mp3\"><\/audio><\/figure>\n\n\n\n<h5 class=\"wp-block-heading\"><em>Y la brisa trae aroma de cadmia<\/em> (2002) para Quinteto<\/h5>\n\n\n\n<p>Y la brisa trae un aroma de cadmia&#8230;<br>Quinteto para flauta, viol\u00edn, violonchelo, piano y percusi\u00f3n.<\/p>\n\n\n\n<figure class=\"wp-block-audio\"><audio controls src=\"https:\/\/pigyki.fr\/wp-content\/uploads\/2026\/02\/Y-la-brisa-trae-aroma-de-cadmia-and-the-breeze-carries-a-scent-of-cadmia\u2026.mp3\"><\/audio><\/figure>\n\n\n\n<h5 class=\"wp-block-heading\"><strong><em><a href=\"#jardin\">* El Jard\u00edn de Tom\u00e1s<\/a><\/em><\/strong> (2007-rev. 2010)<\/h5>\n\n\n\n<p>David Holzman, Piano<\/p>\n\n\n\n<figure class=\"wp-block-audio\"><audio controls src=\"https:\/\/pigyki.fr\/wp-content\/uploads\/2026\/02\/Alba-Potes-El-Jardin-de-Tomas.mp3\"><\/audio><\/figure>\n\n\n\n<h5 class=\"wp-block-heading\"><strong><em><a href=\"#aire\">* Desde el aire &#8211; Seis instantes<\/a><\/em><\/strong> (2010) para Piano<\/h5>\n\n\n\n<p>Ana Cervantes, Piano, patrocinador de la obra.<\/p>\n\n\n\n<figure class=\"wp-block-audio\"><audio controls src=\"https:\/\/pigyki.fr\/wp-content\/uploads\/2026\/02\/Alba-Potes-Desde-el-aire-Seis-instantes.mp3\"><\/audio><\/figure>\n\n\n\n<hr class=\"wp-block-separator has-alpha-channel-opacity\"\/>\n\n\n<div class=\"wp-block-image\">\n<figure class=\"aligncenter size-large is-resized\"><img loading=\"lazy\" decoding=\"async\" width=\"1806\" height=\"700\" src=\"https:\/\/pigyki.fr\/wp-content\/uploads\/2026\/03\/image-15-e1772140298663-edited.png\" alt=\"\" class=\"wp-image-8422\" style=\"aspect-ratio:2.580079751106437;width:565px;height:auto\" srcset=\"https:\/\/pigyki.fr\/wp-content\/uploads\/2026\/03\/image-15-e1772140298663-edited.png 1806w, https:\/\/pigyki.fr\/wp-content\/uploads\/2026\/03\/image-15-e1772140298663-edited-300x116.png 300w, https:\/\/pigyki.fr\/wp-content\/uploads\/2026\/03\/image-15-e1772140298663-edited-1024x397.png 1024w, https:\/\/pigyki.fr\/wp-content\/uploads\/2026\/03\/image-15-e1772140298663-edited-768x298.png 768w, https:\/\/pigyki.fr\/wp-content\/uploads\/2026\/03\/image-15-e1772140298663-edited-1536x595.png 1536w, https:\/\/pigyki.fr\/wp-content\/uploads\/2026\/03\/image-15-e1772140298663-edited-281x109.png 281w\" sizes=\"auto, (max-width: 1806px) 100vw, 1806px\" \/><\/figure>\n<\/div>\n\n\n<p>Creada en 2012 por Alba Potes, <strong><em>Las Am\u00e9ricas en Concierto<\/em><\/strong> \/ <em>Les Am\u00e9riques en concert<\/em>. es una serie de conciertos que destacan la m\u00fasica de Am\u00e9rica del Sur, Am\u00e9rica Central y Am\u00e9rica del Norte.<\/p>\n\n\n\n<p>El objetivo de esta serie es crear puentes de comunicaci\u00f3n cultural a trav\u00e9s de la m\u00fasica y dar a conocer a un p\u00fablico ya adquirido o nuevo una m\u00fasica que rara vez se escucha o se conoce.<\/p>\n\n\n\n<p>El sexto concierto tuvo lugar en Filadelfia en 2018.<br>Parece que fue el \u00faltimo&#8230;<\/p>\n\n\n\n<hr class=\"wp-block-separator has-alpha-channel-opacity\"\/>\n\n\n\n<h5 class=\"wp-block-heading\"><strong><em><a href=\"#mariposas\">* Amarillas eran sus mariposas<\/a><\/em><\/strong> (2014\/2016) para clarinete bajo<\/h5>\n\n\n\n<p>Andrea Nagy, clarinete<\/p>\n\n\n\n<figure class=\"wp-block-audio\"><audio controls src=\"https:\/\/pigyki.fr\/wp-content\/uploads\/2026\/02\/Amarillas-eran-sus-mariposas-Then-his-butterflies-were-yellow-by-Alba-Potes-1.mp3\"><\/audio><\/figure>\n\n\n\n<h5 class=\"wp-block-heading\"><strong><em><a href=\"#pedro\">* Pedro P\u00e1ramo <\/a><\/em><\/strong>(2015) Cantata para narrador, tenor, bar\u00edtono, coro mixto y cuatro instrumentos<\/h5>\n\n\n\n<p>Escenas 1 y 2 de 6.<br>Solistas: Peter Tantsits, tenor &#8211; Dan Kempson, bar\u00edtono &#8211; Alfonso D\u00edaz, narrador &#8211; Wendy Stern, flauta\/flauta baja &#8211; Kristina Teuscher, clarinete\/clarinete bajo &#8211; Greg Hesselink, violonchelo &#8211; Jared Soldiviero, percusi\u00f3n.<br>Coro mixto Cantori NY, bajo la direcci\u00f3n de Mark Shapiro, dedicatario de la obra.<\/p>\n\n\n\n<figure class=\"wp-block-audio\"><audio controls src=\"https:\/\/pigyki.fr\/wp-content\/uploads\/2026\/02\/Pedro-Paramo-Scenes-1-2.-Cantata-by-Alba-Potes-performed-by-Cantori-New-York.mp3\"><\/audio><\/figure>\n\n\n\n<h5 class=\"wp-block-heading\"><strong><em><a href=\"#triste\">* Triste<\/a><\/em><\/strong> (2020) para viol\u00edn<\/h5>\n\n\n\n<p>Miranda Cuckson, viol\u00edn<\/p>\n\n\n\n<figure class=\"wp-block-audio\"><audio controls src=\"https:\/\/pigyki.fr\/wp-content\/uploads\/2026\/02\/Alba-Potes-Triste.mp3\"><\/audio><\/figure>\n\n\n\n<h5 class=\"wp-block-heading\"><em>Rupturas<\/em> (2021) para guitarra<\/h5>\n\n\n\n<p>3 partes sin t\u00edtulo: I. 0&prime; (4&rsquo;05) &#8211; II. 4&rsquo;13 (3&rsquo;15) III. 7&rsquo;28 (5&rsquo;15)<br><a href=\"https:\/\/www.youtube.com\/@danielconantguitar\">Daniel Conant<\/a>, guitarra<\/p>\n\n\n\n<figure class=\"wp-block-audio\"><audio controls src=\"https:\/\/pigyki.fr\/wp-content\/uploads\/2026\/02\/Rupturas-Alba-Potes.mp3\"><\/audio><\/figure>\n\n\n\n<hr class=\"wp-block-separator has-alpha-channel-opacity\"\/>\n\n\n\n<div class=\"wp-block-media-text is-stacked-on-mobile\"><figure class=\"wp-block-media-text__media\"><img loading=\"lazy\" decoding=\"async\" width=\"761\" height=\"1024\" src=\"https:\/\/pigyki.fr\/wp-content\/uploads\/2026\/02\/Flute-basse-Laura-Cubides-761x1024.jpg\" alt=\"\" class=\"wp-image-8365 size-full\" srcset=\"https:\/\/pigyki.fr\/wp-content\/uploads\/2026\/02\/Flute-basse-Laura-Cubides-761x1024.jpg 761w, https:\/\/pigyki.fr\/wp-content\/uploads\/2026\/02\/Flute-basse-Laura-Cubides-223x300.jpg 223w, https:\/\/pigyki.fr\/wp-content\/uploads\/2026\/02\/Flute-basse-Laura-Cubides-768x1034.jpg 768w, https:\/\/pigyki.fr\/wp-content\/uploads\/2026\/02\/Flute-basse-Laura-Cubides.jpg 1064w\" sizes=\"auto, (max-width: 761px) 100vw, 761px\" \/><\/figure><div class=\"wp-block-media-text__content\">\n<h5 class=\"wp-block-heading\"><em>Traces &#8211; <\/em><strong><em>Homenaje a Bach<\/em> (2010) para flauta baja<\/strong><\/h5>\n\n\n\n<p>Laura Cubides (Bogot\u00e1 2020)<\/p>\n\n\n\n<figure class=\"wp-block-audio\"><audio controls src=\"https:\/\/pigyki.fr\/wp-content\/uploads\/2026\/02\/FMMN-2020-Alba-Potes-Colombia-1954-Traces-Homage-to-Bach-2010-Laura-Cubides.mp3\"><\/audio><\/figure>\n\n\n\n<p>Discurso de presentaci\u00f3n de la obra durante el concierto del concurso FMMN 2020 en Bogot\u00e1. El texto se encuentra a continuaci\u00f3n.<\/p>\n\n\n\n<figure class=\"wp-block-audio\"><audio controls src=\"https:\/\/pigyki.fr\/wp-content\/uploads\/2026\/02\/Alba-Potes-Compositora-seleccionada-en-la-convocatoria-FMMN-Laura-Cubides-2020.mp3\"><\/audio><\/figure>\n\n\n\n<p><a href=\"https:\/\/pigyki.fr\/wp-content\/uploads\/2026\/02\/Alba-Potes-Compositora-seleccionada-en-la-convocatoria-FMMN-2020.pdf\" target=\"_blank\" rel=\"noreferrer noopener\">Alba Potes Compositora seleccionada en la convocatoria FMMN 2020.pdf <\/a><\/p>\n<\/div><\/div>\n\n\n\n<hr class=\"wp-block-separator has-alpha-channel-opacity\"\/>\n\n\n\n<h4 class=\"wp-block-heading\">* Para saber m\u00e1s&#8230;<\/h4>\n\n\n\n<div style=\"height:10px\" aria-hidden=\"true\" id=\"biographie\" class=\"wp-block-spacer\"><\/div>\n\n\n\n<h5 class=\"wp-block-heading\">Biograf\u00eda &#8211; <strong><em><a href=\"https:\/\/www.albapotes.com\/indexSp.htm\" target=\"_blank\" rel=\"noreferrer noopener\">V\u00e9ase tambi\u00e9n su sitio web en EN y ES<\/a><\/em><\/strong>.<\/h5>\n\n\n\n<div class=\"wp-block-media-text has-media-on-the-right is-stacked-on-mobile is-image-fill-element\"><div class=\"wp-block-media-text__content\">\n<p><strong><em>Alba Potes<\/em><\/strong> (Alba Luc\u00eda Potes Cort\u00e9s) (Colombia-Estados Unidos) naci\u00f3 en 1954 en Cali, Colombia, y se mud\u00f3 a Estados Unidos en 1983. Comenz\u00f3 a componer m\u00fasica en 1990 y se forj\u00f3 una carrera como compositora con un estilo sutil, pero en\u00e9rgico y personal. En su m\u00fasica se aprecian ricas influencias europeas mezcladas con ocasionales trazas de ritmos y gestos mel\u00f3dicos inspirados en la m\u00fasica tradicional latinoamericana. La Sra. Potes es la fundadora de la serie musical Las Am\u00e9ricas en Concierto (<a href=\"https:\/\/americasenconcierto.org\/\" target=\"_blank\" rel=\"noreferrer noopener\">americasenconcierto.org<\/a>) y ha sido su directora art\u00edstica desde 2012 hasta 2024.<\/p>\n<\/div><figure class=\"wp-block-media-text__media\"><img loading=\"lazy\" decoding=\"async\" width=\"650\" height=\"488\" src=\"https:\/\/pigyki.fr\/wp-content\/uploads\/2026\/02\/image-13.png\" alt=\"\" class=\"wp-image-8372 size-full\" style=\"object-position:65% 51%\" srcset=\"https:\/\/pigyki.fr\/wp-content\/uploads\/2026\/02\/image-13.png 650w, https:\/\/pigyki.fr\/wp-content\/uploads\/2026\/02\/image-13-300x225.png 300w, https:\/\/pigyki.fr\/wp-content\/uploads\/2026\/02\/image-13-281x211.png 281w\" sizes=\"auto, (max-width: 650px) 100vw, 650px\" \/><\/figure><\/div>\n\n\n\n<p>Recientemente, su composici\u00f3n <a href=\"https:\/\/www.youtube.com\/watch?v=3rW-2ZT7nSw\"><strong><em>Cantos Escondidos<\/em><\/strong><\/a> gan\u00f3 el <strong>Concurso Latinoamericano de Composici\u00f3n \u00abAntonio Mar\u00eda Valencia\u00bb Mujeres que dejan huella en el arte<\/strong>, Bellas Artes, Instituci\u00f3n Universitaria del Valle, Colombia, diciembre de 2021.<\/p>\n\n\n\n<p>Sus composiciones, <a href=\"https:\/\/soundcloud.com\/user-376870585\/cantares-para-orquesta?utm_source=clipboard&amp;utm_medium=text&amp;utm_campaign=social_sharing\"><strong><em>Cantares para Orquesta<\/em><\/strong><\/a> y <a href=\"https:\/\/www.youtube.com\/watch?v=qYv9qPZfW2s\"><strong><em>Reflexiones<\/em><\/strong><\/a>, ganaron las New Music Reading Sessions 2002 de la Women&rsquo;s Philharmonic en San Francisco y el First International Composers Reading Project 1994 de la Riverside Symphony en Nueva York. Gan\u00f3 el concurso \u00abMusic of Changes Competition\u00bb, cuyo premio inclu\u00eda un encargo para <a href=\"https:\/\/soundcloud.com\/user-376870585\/y-la-y-la-brisa-trae-aroma-de-cadmia-and-the-breeze-carries-a-scent-of-cadmia?utm_source=clipboard&amp;utm_medium=text&amp;utm_campaign=social_sharing\"><strong><em>Y la brisa trae aroma de cadmia<\/em><\/strong><\/a> y un concierto dedicado a sus obras. La Sra. Potes ha recibido encargos, entre otros, del Ministerio de Cultura de Colombia, del Esbjerg Ensemble (Dinamarca), de Music of Changes, de Cantori New York, de la Independence Foundation Fellowship in the Arts, de la sala de recitales Luis \u00c1ngel Arango\/Banco de la Rep\u00fablica de Colombia, del Roger Shapiro Fund for New Music y de la oficina de asuntos acad\u00e9micos del Hostos Community College.<\/p>\n\n\n\n<p>Actualmente trabaja en la \u00f3pera <strong>Comala<\/strong>, basada en la novela Pedro P\u00e1ramo de Juan Rulfo, con libreto de Alba Potes. Este proyecto en curso fue precedido por <a href=\"https:\/\/www.youtube.com\/watch?v=TEW4pfj8LKI\"><strong><em>Pedro P\u00e1ramo<\/em><\/strong><\/a>, una cantata de una hora de duraci\u00f3n para narrador, tenor, bar\u00edtono, coro mixto y cuatro instrumentos, encargada por Cantori New York y el Fondo Roger Shapiro para la M\u00fasica Contempor\u00e1nea. Pedro P\u00e1ramo fue dirigida por Mark Shapiro con los artistas invitados Peter Tantsits, tenor, Dan Kempson, bar\u00edtono, y Alfonso D\u00edaz, narrador. Las actuaciones orquestales incluyen <strong><em>Reflexiones<\/em><\/strong>, interpretada por la orquesta de cuerda con sede en Queens y dirigida por Eugene Muneyoshi, <em>Lucidity Chamberistas<\/em>, el estreno mundial en el Carnegie Hall de <strong><em>Tucanos<\/em><\/strong>, para guitarra y orquesta de c\u00e1mara, interpretada por Nilko Andreas Guar\u00edn y la Azlo Orchestra, dirigida por Vince Lee, el estreno mundial de <strong><em>Cantares para Orquesta<\/em><\/strong> por la Orquesta Filarm\u00f3nica Nacional de Venezuela (XVI Festival de M\u00fasica Latinoamericana) dirigida por Germ\u00e1n C\u00e1ceres, y el estreno salvadore\u00f1o de <strong><em>Cantares para Orquesta<\/em><\/strong> por la Orquesta Sinf\u00f3nica Nacional de El Salvador (IV Festival Internacional de M\u00fasica Contempor\u00e1nea) dirigida por Alfredo Rugeles.<\/p>\n\n\n\n<p>La m\u00fasica de la Sra. Potes tambi\u00e9n ha sido interpretada por la Orquesta de C\u00e1mara de Montreal, The North\/South Consonance, la Orquesta Sinf\u00f3nica Nacional de Colombia, la Orquesta Sinf\u00f3nica de Cali, Darmstadt 2000 Internationale Ferienkurse fur Neue Musik, la Alianza Internacional para las Mujeres en la M\u00fasica, la ISCM en Nueva York, Parnassus, el Ensemble Aventure (Alemania),<\/p>\n\n\n\n<p>la Conferencia de Compositores del Wellesley College, la Red para la Nueva M\u00fasica, el Cuarteto Momenta, el Ensemble CG (Colombia), la Sociedad Stefan Wolpe, el Ensamble Warmi (Argentina), el New York New Music Ensemble, el Instituto para la Nueva M\u00fasica de Friburgo (Alemania) y la ISCM de Se\u00fal (Corea del Sur). Su m\u00fasica se ha interpretado en Inglaterra, Colombia, Brasil, Austria, Rusia, El Salvador, Alemania, M\u00e9xico, B\u00e9lgica, Argentina y Venezuela. Tiene un doctorado en m\u00fasica (DMA) y una maestr\u00eda en composici\u00f3n (M.M.), as\u00ed como una licenciatura en teor\u00eda musical (B.M.) de la Universidad de Temple, donde estudi\u00f3 composici\u00f3n con Matthew Greenbaum, Ursula Mamlok y Maurice Wright. Estudi\u00f3 orquestaci\u00f3n con Frank Brickle. La Sra. Potes ha impartido clases en la divisi\u00f3n preparatoria de la Universidad Mannes School of Music-The New School, en el Pratt Institute y en el Borough of Manhattan Community College\/CUNY.<\/p>\n\n\n\n<hr class=\"wp-block-separator has-alpha-channel-opacity\"\/>\n\n\n\n<div style=\"height:10px\" aria-hidden=\"true\" id=\"tres\" class=\"wp-block-spacer\"><\/div>\n\n\n\n<h5 class=\"wp-block-heading\"><em>Tres Piezas Breves<\/em> (1990\/1997)<\/h5>\n\n\n\n<blockquote class=\"wp-block-quote is-layout-flow wp-block-quote-is-layout-flow\">\n<p><strong><em>Tres Piezas Breves<\/em><\/strong> fue interpretada por el pianista Charles Abramovic en colaboraci\u00f3n con Las Am\u00e9ricas en Concierto. El concierto tuvo lugar en el Rock Hall, Boyer College of Music and Dance Temple University, Filadelfia, el 23 de septiembre de 2018. Tres Piezas Breves para piano fue escrita para Charles Abramovic. Fue compuesta entre 1990 y 1997. El primer movimiento, Cantabile (1990), fue escrito durante mis estudios en la Universidad de Temple y se caracteriza por sonidos delicados e \u00edntimos que se comparten entre los diferentes registros del piano. El segundo movimiento, Calmato &#8211; Agitato (1997), consta de dos partes contrastadas: la frase de seis compases del comienzo de la pieza y las notas cortas y percusivas de los tres compases siguientes. Hay un di\u00e1logo constante entre estas dos ideas contrastadas que evolucionan hacia gestos mel\u00f3dicos m\u00e1s largos en la parte central de la pieza. El tercer movimiento, Energico (1993), se caracteriza por una actividad r\u00e1pida y creciente, una lejana reminiscencia de los impulsos y la energ\u00eda viva del tradicional \u00abBambuco fiestero\u00bb, un ritmo de los Andes colombianos que tocaba cuando era adolescente.<\/p>\n\n\n\n<p class=\"has-text-align-right\">Alba Potes<\/p>\n<\/blockquote>\n\n\n\n<div style=\"height:10px\" aria-hidden=\"true\" id=\"Reflexiones\" class=\"wp-block-spacer\"><\/div>\n\n\n\n<h5 class=\"wp-block-heading\"><em>Reflexiones<\/em> (1991) para viol\u00edn, viola, violonchelo y orquesta de cuerda<\/h5>\n\n\n\n<blockquote class=\"wp-block-quote is-layout-flow wp-block-quote-is-layout-flow\">\n<p><strong><em>Reflexiones<\/em><\/strong> es una de mis primeras composiciones y mi primera obra para orquesta. Fue compuesta en 1991 y estrenada por la Orquesta Sinf\u00f3nica Nacional de Colombia bajo la direcci\u00f3n de Luis Biava. Fue seleccionada como ganadora del primer proyecto internacional de lectura de composiciones de la Orquesta Sinf\u00f3nica de Riverside (1994) en Nueva York y posteriormente fue interpretada por varias orquestas, entre ellas la Orquesta de C\u00e1mara de Montreal, la Orquesta Sinf\u00f3nica de Cali, North\/South Consonances, J\u00f3venes Arcos de Venezuela y el conjunto de cuerdas Lucidity Chamberistas, con sede en Queens.<\/p>\n\n\n\n<p>David Curtis, comentarista del programa de la Orquesta de C\u00e1mara de Montreal, escribi\u00f3 lo siguiente sobre esta obra:<\/p>\n\n\n\n<p>\u00abLa pieza comienza de forma inquietante con octavas en do sostenido en las cuerdas graves y contin\u00faa lentamente, mientras los dem\u00e1s m\u00fasicos a\u00f1aden capas a la textura. El viol\u00edn solista entra con la frase l\u00edrica principal de la obra y es inmediatamente retomada por la viola y el violonchelo del grupo solista. En este punto, la superficie tranquila y brillante de la orquesta de cuerdas comienza a fracturarse. La energ\u00eda aumenta inexorablemente hasta que, a dos tercios de la obra, los dram\u00e1ticos glissandos de los tres solistas anuncian el cl\u00edmax. En la siguiente secci\u00f3n (marcada como Tranquillo ma espressivo), el grupo solista regresa con un material m\u00e1s mel\u00f3dico. Tras la reaparici\u00f3n de la orquesta de cuerda, ambos grupos comienzan a emerger como ondas en la superficie del agua, hasta que la calma los invade y se desvanecen en el infinito.<\/p>\n\n\n\n<p class=\"has-text-align-right\">Alba Portes<\/p>\n<\/blockquote>\n\n\n\n<hr class=\"wp-block-separator has-alpha-channel-opacity\"\/>\n\n\n\n<div style=\"height:10px\" aria-hidden=\"true\" id=\"nocturnas\" class=\"wp-block-spacer\"><\/div>\n\n\n\n<h5 class=\"wp-block-heading\"><em>Canciones Nocturnas<\/em> (1993)<\/h5>\n\n\n\n<p>Canciones Nocturnas se inspira en siete poemas cortos del escritor espa\u00f1ol Jorge Guill\u00e9n, miembro activo del \u00abGrupo Po\u00e9tico de 1927\u00bb en Espa\u00f1a. Los poemas han sido seleccionados de la Antolog\u00eda Civil y tienen como tema com\u00fan la noche. Se caracterizan por la transparencia de su expresi\u00f3n y su concisi\u00f3n intensa y emotiva. La m\u00fasica refleja las vibrantes im\u00e1genes de la aparici\u00f3n de una luna creciente o del amanecer, as\u00ed como la sugerente intimidad de las diferentes etapas del esp\u00edritu enmarcadas por la noche. Canciones Nocturnas est\u00e1 escrita para soprano o mezzosoprano, flauta, clarinete y violonchelo. Fue estrenada en Filadelfia, en el Instituto de Arte Contempor\u00e1neo, por la Red de M\u00fasica Contempor\u00e1nea.<\/p>\n\n\n\n<p>Los textos de los poemas se presentan con su traducci\u00f3n al ingl\u00e9s en <strong><em><a href=\"https:\/\/youtu.be\/HtHi034jin0?si=x45hSSaZtRU7pB7Q\" target=\"_blank\" rel=\"noreferrer noopener\">el v\u00eddeo de YouTube<\/a><\/em><\/strong>.<\/p>\n\n\n\n<hr class=\"wp-block-separator has-alpha-channel-opacity\"\/>\n\n\n\n<div style=\"height:10px\" aria-hidden=\"true\" id=\"escondidos\" class=\"wp-block-spacer\"><\/div>\n\n\n\n<h5 class=\"wp-block-heading\"><strong><em>Cantos Escondidos<\/em><\/strong> (1995)<\/h5>\n\n\n\n<p><strong><em>Cantos Escondidos<\/em><\/strong> para saxof\u00f3n alto, violonchelo y piano fue compuesta en 1995. Est\u00e1 dedicada a los miembros del cuerpo docente de la Universidad Temple, al saxofonista Marshall Taylor y al pianista Charles Abramovic. El maravilloso violonchelista Ovidio Marinescu, entonces estudiante de la Universidad Temple, se uni\u00f3 a ellos para interpretar esta obra. Cantos Escondidos fue compuesta para un concierto de m\u00fasica para saxof\u00f3n ofrecido por los miembros del cuerpo docente y los estudiantes de composici\u00f3n. En esta composici\u00f3n se encuentran a veces sutiles evocaciones de la guabina, un ritmo de los Andes colombianos, escrito en 3\/4. En este ritmo tradicional, se aprecia una acentuaci\u00f3n constante del segundo cuarto y de las dos \u00faltimas corcheas del tercer tiempo del comp\u00e1s en el acompa\u00f1amiento arm\u00f3nico del tiple, un instrumento de cuerda de los Andes colombianos. Esta ambig\u00fcedad r\u00edtmica se explora con un enfoque muy libre en algunas partes de esta obra. El primer movimiento, Espressivo, transcurre con una ligera tensi\u00f3n sostenida por los tres instrumentos, que mantienen una conversaci\u00f3n constante e \u00edntima. El segundo movimiento, Calmato, con delicatezza, comienza con una frase introductoria interpretada libremente por el violonchelo que, siguiendo la pr\u00e1ctica de esta m\u00fasica tradicional, no tiene ninguna relaci\u00f3n tem\u00e1tica con el resto del movimiento. En este movimiento se esconden dos frases alargadas de una antigua guabina. El tercer movimiento, Spiritoso e con Umore, contiene cambios de comp\u00e1s y niveles l\u00fadicos a lo largo de la actividad r\u00edtmica, que revelan referencias a las acentuaciones en lev\u00e9e.<\/p>\n\n\n\n<hr class=\"wp-block-separator has-alpha-channel-opacity\"\/>\n\n\n\n<div style=\"height:10px\" aria-hidden=\"true\" id=\"wawes\" class=\"wp-block-spacer\"><\/div>\n\n\n\n<h5 class=\"wp-block-heading\"><em>Oleajes<\/em> \/ Waves (2003-rev. 2015) para cuarteto de cuerda<\/h5>\n\n\n\n<blockquote class=\"wp-block-quote is-layout-flow wp-block-quote-is-layout-flow\">\n<p><strong><em>Oleajes<\/em><\/strong> \/ Vagues (2003-rev. 2015) es una obra encargada por la Fundaci\u00f3n Independencia y dedicada al <em>Momenta Quartet.<\/em> El cuarteto es una respuesta musical a la magn\u00edfica m\u00fasica de la comunidad negra colombiana de la costa del Pac\u00edfico. Esta m\u00fasica combina influencias de origen africano con influencias religiosas y seculares espa\u00f1olas que se remontan a varios siglos atr\u00e1s. Las monta\u00f1as andinas y el oc\u00e9ano Pac\u00edfico han aislado estas regiones a lo largo de la costa pac\u00edfica, por lo que la m\u00fasica que se ha desarrollado all\u00ed ha combinado estas dos influencias de una manera muy singular, produciendo expresiones art\u00edsticas de una belleza cautivadora. La m\u00fasica de esta regi\u00f3n siempre me ha fascinado. Durante el proceso de creaci\u00f3n de Oleajes, me dej\u00e9 invadir por esta m\u00fasica tradicional, pero mi respuesta a ella es totalmente libre, sin ning\u00fan deseo de permanecer cerca de la fuente original. En algunos movimientos, como el primero y el tercero, algunas canciones a capella de la regi\u00f3n aparecen cercanas a su versi\u00f3n original, pero est\u00e1n inmersas en texturas que las rodean y las cobijan con nuevos timbres y armon\u00edas que tienen una est\u00e9tica claramente independiente. Los cantos que entonan ni\u00f1os y adultos mientras reman por el mar y los r\u00edos han inspirado el primer movimiento. En su estilo de canto, las frases siempre terminan en una nota muy aguda en falsete, evocada por frases cortas simult\u00e1neas que terminan en arm\u00f3nicos, mientras que un canto infantil de la regi\u00f3n es interpretado por el primer viol\u00edn. En el segundo movimiento, se pueden percibir fragmentos de una canci\u00f3n tradicional de la provincia del Choc\u00f3 (situada en la parte norte de la costa pac\u00edfica colombiana) en algunas frases y ritmos que aparecen y desaparecen continuamente en medio de los efectos percusivos y las texturas del movimiento.<\/p>\n\n\n\n<p class=\"has-text-align-right\">Alba Potes<\/p>\n<\/blockquote>\n\n\n\n<hr class=\"wp-block-separator has-alpha-channel-opacity\"\/>\n\n\n\n<div style=\"height:10px\" aria-hidden=\"true\" id=\"jardin\" class=\"wp-block-spacer\"><\/div>\n\n\n\n<h5 class=\"wp-block-heading\"><em>El Jard\u00edn de Tom\u00e1s<\/em> (2007, revisada en 2010)<\/h5>\n\n\n\n<p>La composici\u00f3n <strong><em>El Jard\u00edn de Tom\u00e1s<\/em><\/strong> (2007, revisada en 2010) es una obra escrita en memoria de mi madre, Mar\u00eda In\u00e9s Cort\u00e9s de Potes, y dedicada al pianista David Holzman. El t\u00edtulo de la pieza hace referencia al jard\u00edn de mi cu\u00f1ado, donde pas\u00e9 muchos momentos maravillosos con mi madre despu\u00e9s de que enfermara.<\/p>\n\n\n\n<p>En esta composici\u00f3n, tras una larga introducci\u00f3n de acordes densos, surge un romance tradicional cantado por la comunidad afrocolombiana de la costa pac\u00edfica de Colombia, conocido como \u00abEl Romance de Catalina\u00bb.<\/p>\n\n\n\n<hr class=\"wp-block-separator has-alpha-channel-opacity\"\/>\n\n\n\n<div style=\"height:10px\" aria-hidden=\"true\" id=\"aire\" class=\"wp-block-spacer\"><\/div>\n\n\n\n<h5 class=\"wp-block-heading\"><em><strong>Desde el aire &#8211; Seis instantes<\/strong><\/em> (2010)<\/h5>\n\n\n\n<p><strong><em>Desde el aire &#8211; Seis instantes<\/em><\/strong> (Desde el aire &#8211; Seis instantes) es un encargo de Ana Cervantes para su CD: Canto de la monarca: mujeres de M\u00e9xico. Las condiciones para las diecisiete composiciones encargadas eran escribir una pieza breve inspirada en las migraciones de las mariposas monarca y en una mujer importante en la historia de M\u00e9xico. Creada por Ana Crevantes en el Festival Internacional Cervantino 2010, Sal\u00f3n del Consejo Universitario, Guanajuato, M\u00e9xico, el 18 de octubre de 2010.<\/p>\n\n\n\n<p>Compuse esta obra en julio en Nueva York, bajo el calor r\u00e9cord, terrible y sofocante, de 2010. Mis preocupaciones personales sobre la destrucci\u00f3n, la violencia entre los seres humanos y la violencia contra la naturaleza son el n\u00facleo de esta composici\u00f3n.<\/p>\n\n\n\n<p>La fragilidad de las mariposas y el \u00aboptimismo\u00bb necesario para afrontar realidades inquietantes impregnan esta composici\u00f3n. Tambi\u00e9n he tenido en cuenta la fragilidad del car\u00e1cter y el bienestar emocional del esp\u00edritu humano frente a cualquier forma de violencia. Eleg\u00ed a la emperatriz Carlota de Habsburgo como mujer importante en la historia de M\u00e9xico y como s\u00edmbolo de la fragilidad de los seres humanos ante los efectos de la violencia. Su estabilidad emocional se derrumb\u00f3 de forma irreversible cuando se enfrent\u00f3 al asesinato de su marido, Maximiliano, emperador de M\u00e9xico, en 1867.<\/p>\n\n\n\n<p>Los movimientos cortos parecen evocar estados de \u00e1nimo, observaciones, fragilidad y preocupaciones mientras se mira la tierra desde arriba.<\/p>\n\n\n\n<p>Los nombres de los movimientos son los siguientes:<br>I. Pensativo con premoniciones<br>II. Certidumbre &#8211; incertidumbre<br>III. Los juegos se desvanecen<br>IV. Detalles distantes<br>V. Aprisa<br>VI. Introspectivo<\/p>\n\n\n\n<hr class=\"wp-block-separator has-alpha-channel-opacity\"\/>\n\n\n\n<div style=\"height:10px\" aria-hidden=\"true\" id=\"mariposas\" class=\"wp-block-spacer\"><\/div>\n\n\n\n<h2 class=\"wp-block-heading\"><em>Amarillas eran sus mariposas<\/em> (2014\/2016) pour Clarinette basse<\/h2>\n\n\n\n<blockquote class=\"wp-block-quote is-layout-flow wp-block-quote-is-layout-flow\">\n<p><strong><em>Amarillas eran sus mariposas<\/em><\/strong> (Entonces, sus mariposas eran amarillas) para clarinete bajo solo fue compuesta entre 2014 y 2016 en memoria de Gabriel Garc\u00eda M\u00e1rquez (1927-2014). Durante la composici\u00f3n, adquir\u00ed un libro digital sobre el clarinete bajo escrito por el famoso clarinetista bajo holand\u00e9s Harry Sparnaay, con quien mantuve varias conversaciones. Result\u00f3 que Garc\u00eda M\u00e1rquez era uno de sus escritores favoritos. Su energ\u00eda y entusiasmo desbordantes me inspiraron mucho y dediqu\u00e9 esta obra a Harry Sparnaay, pero debido al deterioro de su salud, no pudo estrenarla.<\/p>\n\n\n\n<p>Es interesante se\u00f1alar que Andrea Nagy, que estrena esta composici\u00f3n hoy, estudi\u00f3 con Ernesto Molinari, quien a su vez estudi\u00f3 con Harry Sparnaay. Este concierto rinde homenaje al nacimiento de mi querida profesora Ursula Mamlok, pero tambi\u00e9n contribuye a poner de relieve los v\u00ednculos musicales. El estreno de Amarillas eran sus mariposas en esta ocasi\u00f3n tambi\u00e9n establece un v\u00ednculo entre el nacimiento y la muerte de personas que desempe\u00f1aron un papel importante en la creaci\u00f3n de esta composici\u00f3n. Gracias a Andrea Nagy y al Ensemble Aventure por esta interpretaci\u00f3n.<\/p>\n\n\n\n<p class=\"has-text-align-right\">Alba Potes<\/p>\n<\/blockquote>\n\n\n\n<hr class=\"wp-block-separator has-alpha-channel-opacity\"\/>\n\n\n\n<div style=\"height:10px\" aria-hidden=\"true\" id=\"pedro\" class=\"wp-block-spacer\"><\/div>\n\n\n\n<h5 class=\"wp-block-heading\"><strong><em>Pedro P\u00e1ramo <\/em><\/strong>(2015) Cantata para narrador, tenor, bar\u00edtono, coro mixto y cuatro instrumentos<\/h5>\n\n\n\n<p>Es una obra emblem\u00e1tica de Alba Potes.<br>Escenas 1 y 2 de las 6 que componen la Cantata. La grabaci\u00f3n de YouTube ten\u00eda un ruido de fondo terrible que he eliminado. Ahora es m\u00e1s agradable de escuchar, pero afecta a la calidad de los timbres&#8230;<\/p>\n\n\n\n<p><strong>Acerca de la novela \u00ab<em>Pedro P\u00e1ramo<\/em>\u00bb<\/strong>.<\/p>\n\n\n\n<p><strong><em>Pedro P\u00e1ramo<\/em><\/strong> es una novela del mexicano <a href=\"https:\/\/es.wikipedia.org\/wiki\/Juan_Rulfo\" target=\"_blank\" rel=\"noreferrer noopener\"><strong><em>Juan Rulfo<\/em><\/strong><\/a> (1917-1986), publicada en 1955. Esta breve narraci\u00f3n en espa\u00f1ol, modernista y emblem\u00e1tica del realismo m\u00e1gico latinoamericano, explora la memoria, la muerte y la culpa en un pueblo fantasmal ficticio de la M\u00e9xico rural: Comala. Se considera una de las obras m\u00e1s importantes de la literatura hispanoamericana del siglo XX.<\/p>\n\n\n\n<p>La novela se inscribe en el contexto posterior a la Revoluci\u00f3n Mexicana, un periodo marcado por el \u00e9xodo rural y la desintegraci\u00f3n del mundo campesino. Rulfo, originario de Jalisco, se inspira en sus recuerdos y en la tradici\u00f3n oral para componer una obra en la que se difumina la frontera entre los vivos y los muertos.<\/p>\n\n\n\n<p>La historia sigue a Juan Preciado, que se dirige a Comala para encontrar a su padre, Pedro P\u00e1ramo. All\u00ed descubre un pueblo poblado de almas errantes que cuentan sus tragedias. La narraci\u00f3n fragmentada, que alterna voces y temporalidades, crea una atm\u00f3sfera on\u00edrica y desconcertante, reflejo del desorden moral del mundo representado.<\/p>\n\n\n\n<p><em>Pedro P\u00e1ramo<\/em> aborda la soledad, la p\u00e9rdida, la corrupci\u00f3n del poder y la persistencia del pasado. El estilo depurado de Rulfo, basado en la sugerencia y el silencio, confiere al texto una intensidad po\u00e9tica poco com\u00fan. El uso de lo sobrenatural no es fant\u00e1stico, sino una visi\u00f3n espiritual de la realidad.<\/p>\n\n\n\n<p>La obra ha influido profundamente en la literatura latinoamericana, en particular en <a href=\"https:\/\/es.wikipedia.org\/wiki\/Gabriel_Garc%C3%ADa_M%C3%A1rquez\" target=\"_blank\" rel=\"noreferrer noopener\"><strong><em>Gabriel Garc\u00eda M\u00e1rquez<\/em><\/strong><\/a>, quien la cit\u00f3 como fuente de inspiraci\u00f3n para <strong><em>Cien a\u00f1os de soledad<\/em><\/strong>. Traducida a numerosos idiomas, sigue siendo una referencia ineludible del realismo m\u00e1gico y la novela existencial.<\/p>\n\n\n\n<hr class=\"wp-block-separator has-alpha-channel-opacity\"\/>\n\n\n\n<div style=\"height:10px\" aria-hidden=\"true\" id=\"triste\" class=\"wp-block-spacer\"><\/div>\n\n\n\n<h5 class=\"wp-block-heading\"><em><strong>Triste<\/strong><\/em> (2020)<\/h5>\n\n\n\n<blockquote class=\"wp-block-quote is-layout-flow wp-block-quote-is-layout-flow\">\n<p><strong><em>Triste<\/em><\/strong> (2020) est\u00e1 dedicada a la violinista Miranda Cuckson, quien fue la fuente de inspiraci\u00f3n para esta obra. <strong><em>Triste<\/em><\/strong> fue escrita en memoria de Tyler Clementi (1991-2010), un joven violinista que se arroj\u00f3 desde el puente George Washington tras ser v\u00edctima de un grave incidente de ciberacoso por ser homosexual. Empec\u00e9 a escribir <strong><em>Triste<\/em><\/strong> varias semanas despu\u00e9s de su muerte, porque no pod\u00eda dejar de pensar en su tr\u00e1gico fallecimiento y en la angustia personal que le hab\u00eda llevado a tomar una decisi\u00f3n tan dram\u00e1tica. Sent\u00eda que ten\u00eda que hacer algo para superar el impacto de un acto de violencia tan grave. Tambi\u00e9n pensaba en mi hermano, que es poeta y homosexual y que, como muchos otros, ha sido v\u00edctima de acoso por su identidad. Al escribir esta pieza, me tranquilic\u00e9 dedic\u00e1ndola a Tyler Clementi, componi\u00e9ndola en su memoria.<\/p>\n\n\n\n<p class=\"has-text-align-right\">Alba Potes (Colombia-USA)<\/p>\n<\/blockquote>\n\n\n\n<hr class=\"wp-block-separator has-alpha-channel-opacity\"\/>\n","protected":false},"excerpt":{"rendered":"<p>Alba Potes, compositora colombo-estadounidense, est\u00e1 influenciada por la tradici\u00f3n musical europea, entremezclada con sonidos, texturas y sutiles referencias a la m\u00fasica colombiana, latinoamericana y del mundo.<\/p>\n","protected":false},"author":1,"featured_media":8355,"comment_status":"open","ping_status":"closed","sticky":false,"template":"","format":"standard","meta":{"rop_custom_images_group":[],"rop_custom_messages_group":[],"rop_publish_now":"yes","rop_publish_now_accounts":[],"rop_publish_now_history":[],"rop_publish_now_status":"pending","footnotes":""},"categories":[109,8],"tags":[],"class_list":["post-8439","post","type-post","status-publish","format-standard","has-post-thumbnail","hentry","category-escuchas","category-ecoutes-es"],"yoast_head":"<!-- This site is optimized with the Yoast SEO plugin v27.4 - https:\/\/yoast.com\/product\/yoast-seo-wordpress\/ -->\n<title>Escucha musical n\u00b082  Alba Potes - Pigyki<\/title>\n<meta name=\"description\" content=\"Alba Potes, compositora colombo-estadounidense, est\u00e1 influenciada por la tradici\u00f3n musical europea, entremezclada con sonidos, texturas y sutiles referencias a la m\u00fasica colombiana, latinoamericana y del mundo.\" \/>\n<meta name=\"robots\" content=\"index, follow, max-snippet:-1, max-image-preview:large, max-video-preview:-1\" \/>\n<link rel=\"canonical\" href=\"https:\/\/pigyki.fr\/index.php\/es\/2026\/03\/05\/escucha-musical-n82-alba-potes\/\" \/>\n<meta property=\"og:locale\" content=\"fr_FR\" \/>\n<meta property=\"og:type\" content=\"article\" \/>\n<meta property=\"og:title\" content=\"Escucha musical n\u00b082  Alba Potes - Pigyki\" \/>\n<meta property=\"og:description\" content=\"Alba Potes, compositora colombo-estadounidense, est\u00e1 influenciada por la tradici\u00f3n musical europea, entremezclada con sonidos, texturas y sutiles referencias a la m\u00fasica colombiana, latinoamericana y del mundo.\" \/>\n<meta property=\"og:url\" content=\"https:\/\/pigyki.fr\/index.php\/es\/2026\/03\/05\/escucha-musical-n82-alba-potes\/\" \/>\n<meta property=\"og:site_name\" content=\"Pigyki\" \/>\n<meta property=\"article:published_time\" content=\"2026-03-05T19:35:53+00:00\" \/>\n<meta property=\"article:modified_time\" content=\"2026-03-05T21:36:06+00:00\" \/>\n<meta property=\"og:image\" content=\"https:\/\/pigyki.fr\/wp-content\/uploads\/2026\/02\/image-12-e1771411787545.png\" \/>\n\t<meta property=\"og:image:width\" content=\"560\" \/>\n\t<meta property=\"og:image:height\" content=\"478\" \/>\n\t<meta property=\"og:image:type\" content=\"image\/png\" \/>\n<meta name=\"author\" content=\"Pigyki\" \/>\n<meta name=\"twitter:card\" content=\"summary_large_image\" \/>\n<meta name=\"twitter:label1\" content=\"\u00c9crit par\" \/>\n\t<meta name=\"twitter:data1\" content=\"Pigyki\" \/>\n\t<meta name=\"twitter:label2\" content=\"Dur\u00e9e de lecture estim\u00e9e\" \/>\n\t<meta name=\"twitter:data2\" content=\"13 minutes\" \/>\n<script type=\"application\/ld+json\" class=\"yoast-schema-graph\">{\"@context\":\"https:\\\/\\\/schema.org\",\"@graph\":[{\"@type\":\"Article\",\"@id\":\"https:\\\/\\\/pigyki.fr\\\/index.php\\\/es\\\/2026\\\/03\\\/05\\\/escucha-musical-n82-alba-potes\\\/#article\",\"isPartOf\":{\"@id\":\"https:\\\/\\\/pigyki.fr\\\/index.php\\\/es\\\/2026\\\/03\\\/05\\\/escucha-musical-n82-alba-potes\\\/\"},\"author\":{\"name\":\"Pigyki\",\"@id\":\"https:\\\/\\\/pigyki.fr\\\/#\\\/schema\\\/person\\\/69b76bc8a17bddaf3ffd40d3cc9a4161\"},\"headline\":\"Escucha musical n\u00b082 Alba Potes\",\"datePublished\":\"2026-03-05T19:35:53+00:00\",\"dateModified\":\"2026-03-05T21:36:06+00:00\",\"mainEntityOfPage\":{\"@id\":\"https:\\\/\\\/pigyki.fr\\\/index.php\\\/es\\\/2026\\\/03\\\/05\\\/escucha-musical-n82-alba-potes\\\/\"},\"wordCount\":3555,\"commentCount\":0,\"publisher\":{\"@id\":\"https:\\\/\\\/pigyki.fr\\\/#\\\/schema\\\/person\\\/69b76bc8a17bddaf3ffd40d3cc9a4161\"},\"image\":{\"@id\":\"https:\\\/\\\/pigyki.fr\\\/index.php\\\/es\\\/2026\\\/03\\\/05\\\/escucha-musical-n82-alba-potes\\\/#primaryimage\"},\"thumbnailUrl\":\"https:\\\/\\\/pigyki.fr\\\/wp-content\\\/uploads\\\/2026\\\/02\\\/image-12-e1771411787545.png\",\"articleSection\":[\"Escuchas\",\"Todas las escuchas publicadas\"],\"inLanguage\":\"fr-FR\",\"potentialAction\":[{\"@type\":\"CommentAction\",\"name\":\"Comment\",\"target\":[\"https:\\\/\\\/pigyki.fr\\\/index.php\\\/es\\\/2026\\\/03\\\/05\\\/escucha-musical-n82-alba-potes\\\/#respond\"]}]},{\"@type\":\"WebPage\",\"@id\":\"https:\\\/\\\/pigyki.fr\\\/index.php\\\/es\\\/2026\\\/03\\\/05\\\/escucha-musical-n82-alba-potes\\\/\",\"url\":\"https:\\\/\\\/pigyki.fr\\\/index.php\\\/es\\\/2026\\\/03\\\/05\\\/escucha-musical-n82-alba-potes\\\/\",\"name\":\"Escucha musical n\u00b082 Alba Potes - Pigyki\",\"isPartOf\":{\"@id\":\"https:\\\/\\\/pigyki.fr\\\/#website\"},\"primaryImageOfPage\":{\"@id\":\"https:\\\/\\\/pigyki.fr\\\/index.php\\\/es\\\/2026\\\/03\\\/05\\\/escucha-musical-n82-alba-potes\\\/#primaryimage\"},\"image\":{\"@id\":\"https:\\\/\\\/pigyki.fr\\\/index.php\\\/es\\\/2026\\\/03\\\/05\\\/escucha-musical-n82-alba-potes\\\/#primaryimage\"},\"thumbnailUrl\":\"https:\\\/\\\/pigyki.fr\\\/wp-content\\\/uploads\\\/2026\\\/02\\\/image-12-e1771411787545.png\",\"datePublished\":\"2026-03-05T19:35:53+00:00\",\"dateModified\":\"2026-03-05T21:36:06+00:00\",\"description\":\"Alba Potes, compositora colombo-estadounidense, est\u00e1 influenciada por la tradici\u00f3n musical europea, entremezclada con sonidos, texturas y sutiles referencias a la m\u00fasica colombiana, latinoamericana y del mundo.\",\"breadcrumb\":{\"@id\":\"https:\\\/\\\/pigyki.fr\\\/index.php\\\/es\\\/2026\\\/03\\\/05\\\/escucha-musical-n82-alba-potes\\\/#breadcrumb\"},\"inLanguage\":\"fr-FR\",\"potentialAction\":[{\"@type\":\"ReadAction\",\"target\":[\"https:\\\/\\\/pigyki.fr\\\/index.php\\\/es\\\/2026\\\/03\\\/05\\\/escucha-musical-n82-alba-potes\\\/\"]}]},{\"@type\":\"ImageObject\",\"inLanguage\":\"fr-FR\",\"@id\":\"https:\\\/\\\/pigyki.fr\\\/index.php\\\/es\\\/2026\\\/03\\\/05\\\/escucha-musical-n82-alba-potes\\\/#primaryimage\",\"url\":\"https:\\\/\\\/pigyki.fr\\\/wp-content\\\/uploads\\\/2026\\\/02\\\/image-12-e1771411787545.png\",\"contentUrl\":\"https:\\\/\\\/pigyki.fr\\\/wp-content\\\/uploads\\\/2026\\\/02\\\/image-12-e1771411787545.png\",\"width\":560,\"height\":478},{\"@type\":\"BreadcrumbList\",\"@id\":\"https:\\\/\\\/pigyki.fr\\\/index.php\\\/es\\\/2026\\\/03\\\/05\\\/escucha-musical-n82-alba-potes\\\/#breadcrumb\",\"itemListElement\":[{\"@type\":\"ListItem\",\"position\":1,\"name\":\"Accueil\",\"item\":\"https:\\\/\\\/pigyki.fr\\\/\"},{\"@type\":\"ListItem\",\"position\":2,\"name\":\"Escucha musical n\u00b082 Alba Potes\"}]},{\"@type\":\"WebSite\",\"@id\":\"https:\\\/\\\/pigyki.fr\\\/#website\",\"url\":\"https:\\\/\\\/pigyki.fr\\\/\",\"name\":\"Pigyki\",\"description\":\"C.L. al fine\",\"publisher\":{\"@id\":\"https:\\\/\\\/pigyki.fr\\\/#\\\/schema\\\/person\\\/69b76bc8a17bddaf3ffd40d3cc9a4161\"},\"potentialAction\":[{\"@type\":\"SearchAction\",\"target\":{\"@type\":\"EntryPoint\",\"urlTemplate\":\"https:\\\/\\\/pigyki.fr\\\/?s={search_term_string}\"},\"query-input\":{\"@type\":\"PropertyValueSpecification\",\"valueRequired\":true,\"valueName\":\"search_term_string\"}}],\"inLanguage\":\"fr-FR\"},{\"@type\":[\"Person\",\"Organization\"],\"@id\":\"https:\\\/\\\/pigyki.fr\\\/#\\\/schema\\\/person\\\/69b76bc8a17bddaf3ffd40d3cc9a4161\",\"name\":\"Pigyki\",\"image\":{\"@type\":\"ImageObject\",\"inLanguage\":\"fr-FR\",\"@id\":\"https:\\\/\\\/pigyki.fr\\\/wp-content\\\/uploads\\\/2023\\\/06\\\/Logo-CL.jpg\",\"url\":\"https:\\\/\\\/pigyki.fr\\\/wp-content\\\/uploads\\\/2023\\\/06\\\/Logo-CL.jpg\",\"contentUrl\":\"https:\\\/\\\/pigyki.fr\\\/wp-content\\\/uploads\\\/2023\\\/06\\\/Logo-CL.jpg\",\"width\":524,\"height\":586,\"caption\":\"Pigyki\"},\"logo\":{\"@id\":\"https:\\\/\\\/pigyki.fr\\\/wp-content\\\/uploads\\\/2023\\\/06\\\/Logo-CL.jpg\"},\"sameAs\":[\"http:\\\/\\\/pigyki.fr\"],\"url\":\"https:\\\/\\\/pigyki.fr\\\/index.php\\\/author\\\/admin4451\\\/\"}]}<\/script>\n<!-- \/ Yoast SEO plugin. -->","yoast_head_json":{"title":"Escucha musical n\u00b082  Alba Potes - Pigyki","description":"Alba Potes, compositora colombo-estadounidense, est\u00e1 influenciada por la tradici\u00f3n musical europea, entremezclada con sonidos, texturas y sutiles referencias a la m\u00fasica colombiana, latinoamericana y del mundo.","robots":{"index":"index","follow":"follow","max-snippet":"max-snippet:-1","max-image-preview":"max-image-preview:large","max-video-preview":"max-video-preview:-1"},"canonical":"https:\/\/pigyki.fr\/index.php\/es\/2026\/03\/05\/escucha-musical-n82-alba-potes\/","og_locale":"fr_FR","og_type":"article","og_title":"Escucha musical n\u00b082  Alba Potes - Pigyki","og_description":"Alba Potes, compositora colombo-estadounidense, est\u00e1 influenciada por la tradici\u00f3n musical europea, entremezclada con sonidos, texturas y sutiles referencias a la m\u00fasica colombiana, latinoamericana y del mundo.","og_url":"https:\/\/pigyki.fr\/index.php\/es\/2026\/03\/05\/escucha-musical-n82-alba-potes\/","og_site_name":"Pigyki","article_published_time":"2026-03-05T19:35:53+00:00","article_modified_time":"2026-03-05T21:36:06+00:00","og_image":[{"width":560,"height":478,"url":"https:\/\/pigyki.fr\/wp-content\/uploads\/2026\/02\/image-12-e1771411787545.png","type":"image\/png"}],"author":"Pigyki","twitter_card":"summary_large_image","twitter_misc":{"\u00c9crit par":"Pigyki","Dur\u00e9e de lecture estim\u00e9e":"13 minutes"},"schema":{"@context":"https:\/\/schema.org","@graph":[{"@type":"Article","@id":"https:\/\/pigyki.fr\/index.php\/es\/2026\/03\/05\/escucha-musical-n82-alba-potes\/#article","isPartOf":{"@id":"https:\/\/pigyki.fr\/index.php\/es\/2026\/03\/05\/escucha-musical-n82-alba-potes\/"},"author":{"name":"Pigyki","@id":"https:\/\/pigyki.fr\/#\/schema\/person\/69b76bc8a17bddaf3ffd40d3cc9a4161"},"headline":"Escucha musical n\u00b082 Alba Potes","datePublished":"2026-03-05T19:35:53+00:00","dateModified":"2026-03-05T21:36:06+00:00","mainEntityOfPage":{"@id":"https:\/\/pigyki.fr\/index.php\/es\/2026\/03\/05\/escucha-musical-n82-alba-potes\/"},"wordCount":3555,"commentCount":0,"publisher":{"@id":"https:\/\/pigyki.fr\/#\/schema\/person\/69b76bc8a17bddaf3ffd40d3cc9a4161"},"image":{"@id":"https:\/\/pigyki.fr\/index.php\/es\/2026\/03\/05\/escucha-musical-n82-alba-potes\/#primaryimage"},"thumbnailUrl":"https:\/\/pigyki.fr\/wp-content\/uploads\/2026\/02\/image-12-e1771411787545.png","articleSection":["Escuchas","Todas las escuchas publicadas"],"inLanguage":"fr-FR","potentialAction":[{"@type":"CommentAction","name":"Comment","target":["https:\/\/pigyki.fr\/index.php\/es\/2026\/03\/05\/escucha-musical-n82-alba-potes\/#respond"]}]},{"@type":"WebPage","@id":"https:\/\/pigyki.fr\/index.php\/es\/2026\/03\/05\/escucha-musical-n82-alba-potes\/","url":"https:\/\/pigyki.fr\/index.php\/es\/2026\/03\/05\/escucha-musical-n82-alba-potes\/","name":"Escucha musical n\u00b082 Alba Potes - Pigyki","isPartOf":{"@id":"https:\/\/pigyki.fr\/#website"},"primaryImageOfPage":{"@id":"https:\/\/pigyki.fr\/index.php\/es\/2026\/03\/05\/escucha-musical-n82-alba-potes\/#primaryimage"},"image":{"@id":"https:\/\/pigyki.fr\/index.php\/es\/2026\/03\/05\/escucha-musical-n82-alba-potes\/#primaryimage"},"thumbnailUrl":"https:\/\/pigyki.fr\/wp-content\/uploads\/2026\/02\/image-12-e1771411787545.png","datePublished":"2026-03-05T19:35:53+00:00","dateModified":"2026-03-05T21:36:06+00:00","description":"Alba Potes, compositora colombo-estadounidense, est\u00e1 influenciada por la tradici\u00f3n musical europea, entremezclada con sonidos, texturas y sutiles referencias a la m\u00fasica colombiana, latinoamericana y del mundo.","breadcrumb":{"@id":"https:\/\/pigyki.fr\/index.php\/es\/2026\/03\/05\/escucha-musical-n82-alba-potes\/#breadcrumb"},"inLanguage":"fr-FR","potentialAction":[{"@type":"ReadAction","target":["https:\/\/pigyki.fr\/index.php\/es\/2026\/03\/05\/escucha-musical-n82-alba-potes\/"]}]},{"@type":"ImageObject","inLanguage":"fr-FR","@id":"https:\/\/pigyki.fr\/index.php\/es\/2026\/03\/05\/escucha-musical-n82-alba-potes\/#primaryimage","url":"https:\/\/pigyki.fr\/wp-content\/uploads\/2026\/02\/image-12-e1771411787545.png","contentUrl":"https:\/\/pigyki.fr\/wp-content\/uploads\/2026\/02\/image-12-e1771411787545.png","width":560,"height":478},{"@type":"BreadcrumbList","@id":"https:\/\/pigyki.fr\/index.php\/es\/2026\/03\/05\/escucha-musical-n82-alba-potes\/#breadcrumb","itemListElement":[{"@type":"ListItem","position":1,"name":"Accueil","item":"https:\/\/pigyki.fr\/"},{"@type":"ListItem","position":2,"name":"Escucha musical n\u00b082 Alba Potes"}]},{"@type":"WebSite","@id":"https:\/\/pigyki.fr\/#website","url":"https:\/\/pigyki.fr\/","name":"Pigyki","description":"C.L. al fine","publisher":{"@id":"https:\/\/pigyki.fr\/#\/schema\/person\/69b76bc8a17bddaf3ffd40d3cc9a4161"},"potentialAction":[{"@type":"SearchAction","target":{"@type":"EntryPoint","urlTemplate":"https:\/\/pigyki.fr\/?s={search_term_string}"},"query-input":{"@type":"PropertyValueSpecification","valueRequired":true,"valueName":"search_term_string"}}],"inLanguage":"fr-FR"},{"@type":["Person","Organization"],"@id":"https:\/\/pigyki.fr\/#\/schema\/person\/69b76bc8a17bddaf3ffd40d3cc9a4161","name":"Pigyki","image":{"@type":"ImageObject","inLanguage":"fr-FR","@id":"https:\/\/pigyki.fr\/wp-content\/uploads\/2023\/06\/Logo-CL.jpg","url":"https:\/\/pigyki.fr\/wp-content\/uploads\/2023\/06\/Logo-CL.jpg","contentUrl":"https:\/\/pigyki.fr\/wp-content\/uploads\/2023\/06\/Logo-CL.jpg","width":524,"height":586,"caption":"Pigyki"},"logo":{"@id":"https:\/\/pigyki.fr\/wp-content\/uploads\/2023\/06\/Logo-CL.jpg"},"sameAs":["http:\/\/pigyki.fr"],"url":"https:\/\/pigyki.fr\/index.php\/author\/admin4451\/"}]}},"_links":{"self":[{"href":"https:\/\/pigyki.fr\/index.php\/wp-json\/wp\/v2\/posts\/8439","targetHints":{"allow":["GET"]}}],"collection":[{"href":"https:\/\/pigyki.fr\/index.php\/wp-json\/wp\/v2\/posts"}],"about":[{"href":"https:\/\/pigyki.fr\/index.php\/wp-json\/wp\/v2\/types\/post"}],"author":[{"embeddable":true,"href":"https:\/\/pigyki.fr\/index.php\/wp-json\/wp\/v2\/users\/1"}],"replies":[{"embeddable":true,"href":"https:\/\/pigyki.fr\/index.php\/wp-json\/wp\/v2\/comments?post=8439"}],"version-history":[{"count":6,"href":"https:\/\/pigyki.fr\/index.php\/wp-json\/wp\/v2\/posts\/8439\/revisions"}],"predecessor-version":[{"id":8448,"href":"https:\/\/pigyki.fr\/index.php\/wp-json\/wp\/v2\/posts\/8439\/revisions\/8448"}],"wp:featuredmedia":[{"embeddable":true,"href":"https:\/\/pigyki.fr\/index.php\/wp-json\/wp\/v2\/media\/8355"}],"wp:attachment":[{"href":"https:\/\/pigyki.fr\/index.php\/wp-json\/wp\/v2\/media?parent=8439"}],"wp:term":[{"taxonomy":"category","embeddable":true,"href":"https:\/\/pigyki.fr\/index.php\/wp-json\/wp\/v2\/categories?post=8439"},{"taxonomy":"post_tag","embeddable":true,"href":"https:\/\/pigyki.fr\/index.php\/wp-json\/wp\/v2\/tags?post=8439"}],"curies":[{"name":"wp","href":"https:\/\/api.w.org\/{rel}","templated":true}]}}