{"id":7233,"date":"2025-10-19T17:40:11","date_gmt":"2025-10-19T15:40:11","guid":{"rendered":"https:\/\/pigyki.fr\/?p=7233"},"modified":"2025-10-19T17:46:28","modified_gmt":"2025-10-19T15:46:28","slug":"escucha-musical-n73-sofia-gubaidulina","status":"publish","type":"post","link":"https:\/\/pigyki.fr\/index.php\/es\/2025\/10\/19\/escucha-musical-n73-sofia-gubaidulina\/","title":{"rendered":"Escucha musical n\u00b073   Sofia Guba\u00efdulina"},"content":{"rendered":"\n<h1 class=\"wp-block-heading\">Sofia Guba\u00efdulina (1931-2025)<\/h1>\n\n\n\n<p>La compositora rusa \u0421\u043e\u0444\u0438\u044f \u0410\u0441\u0433\u0430\u0442\u043e\u0432\u043d\u0430 \u0413\u0443\u0431\u0430\u0439\u0434\u0443\u043b\u0438\u043d\u0430 \/ <a href=\"https:\/\/es.wikipedia.org\/wiki\/Sofiya_Gubaid%C3%BAlina\" target=\"_blank\" rel=\"noreferrer noopener\"><strong><em>Sofia Guba\u00efdulina<\/em><\/strong><\/a> naci\u00f3 en 1931 en Chistopol, en el coraz\u00f3n de Tartarist\u00e1n, en un paisaje de llanuras silenciosas y vientos m\u00edsticos. Hija de un ingeniero t\u00e1rtaro y de una madre de origen polaco, descubri\u00f3 muy pronto la m\u00fasica como un lenguaje interior, una respiraci\u00f3n del alma.<\/p>\n\n\n\n<div class=\"wp-block-media-text is-stacked-on-mobile is-image-fill-element\"><figure class=\"wp-block-media-text__media\"><img loading=\"lazy\" decoding=\"async\" width=\"278\" height=\"181\" src=\"https:\/\/pigyki.fr\/wp-content\/uploads\/2025\/10\/image.png\" alt=\"\" class=\"wp-image-7098 size-full\" style=\"object-position:56% 49%\"\/><\/figure><div class=\"wp-block-media-text__content\">\n<p>En el Conservatorio de Mosc\u00fa, <a href=\"https:\/\/pigyki.fr\/index.php\/es\/2023\/04\/14\/escucha-musical-n6\/\" target=\"_blank\" rel=\"noreferrer noopener\"><strong><em>Shostakovich<\/em><\/strong><\/a> (de quien fue asistente durante cinco a\u00f1os, de 1954 a 1959) la anim\u00f3 a \u00abseguir su mal camino\u00bb, ese camino interior, peligroso, pero aut\u00e9ntico (es decir, opuesto a los dictados de la Uni\u00f3n de Compositores Sovi\u00e9ticos).<\/p>\n\n\n\n<p>Bajo el r\u00e9gimen sovi\u00e9tico, su m\u00fasica se consideraba \u00abirregular\u00bb, demasiado espiritual, demasiado libre. Sin embargo, Gubaidulina persisti\u00f3, buscando en el sonido una forma de oraci\u00f3n. El violonchelo, el bay\u00e1n, el aliento y el silencio se convirtieron en sus instrumentos de fe.<\/p>\n<\/div><\/div>\n\n\n\n<div style=\"height:10px\" aria-hidden=\"true\" class=\"wp-block-spacer\"><\/div>\n\n\n\n<p>Su <em>Offertorium<\/em> (1980) marca su revelaci\u00f3n: un concierto que se abre como una ofrenda y se disuelve como un ascenso. Le siguen <em>Seven Words<\/em>, <em>Stimmen\u2026 Verstummen\u2026<\/em>, <em>The Canticle of the Sun<\/em>, grandes meditaciones sobre la luz, la desaparici\u00f3n y la presencia divina.<\/p>\n\n\n\n<p>Instalada en Alemania desde 1992, Guba\u00efdulina sigue siendo una figura importante de la m\u00fasica de finales del siglo XX, a menudo comparada con <a href=\"https:\/\/pigyki.fr\/index.php\/es\/2023\/06\/23\/escucha-musical-n16\/\" target=\"_blank\" rel=\"noreferrer noopener\">Messiaen<\/a> o <a href=\"https:\/\/pigyki.fr\/index.php\/es\/2025\/06\/29\/escucha-musical-n65-arvo-part\/\" target=\"_blank\" rel=\"noreferrer noopener\">Arvo P\u00e4rt<\/a> por la dimensi\u00f3n sagrada de su obra. Contin\u00faa hasta el final una obra hecha de sombras y claridad, de tensi\u00f3n y abandono. Falleci\u00f3 en 2025, a los 93 a\u00f1os, dejando una m\u00fasica que no busca complacer, sino rezar.<\/p>\n\n\n\n<p><a href=\"#biographie\"><strong><em>Biograf\u00eda *<\/em><\/strong><\/a> m\u00e1s detallada hasta su llegada a Alemania en 1992&#8230;<\/p>\n\n\n\n<p>NB: los t\u00edtulos seguidos de un asterisco son enlaces para \u00ab<a href=\"#plus\"><strong><em>* Para saber m\u00e1s&#8230;<\/em><\/strong><\/a>\u00bb al final de este art\u00edculo.<\/p>\n\n\n\n<hr class=\"wp-block-separator has-alpha-channel-opacity\"\/>\n\n\n\n<h4 class=\"wp-block-heading has-text-align-center\">Una selecci\u00f3n de piezas cortas que ilustran su evoluci\u00f3n durante sus cuatro grandes per\u00edodos compositivos.<\/h4>\n\n\n\n<figure class=\"wp-block-table is-style-regular\" style=\"font-size:15px\"><table><tbody><tr><td><strong><strong>Formaci\u00f3n y primeras obras<\/strong><\/strong><\/td><td>1960\u20131979<\/td><td>Experimentaci\u00f3n, influencia rusa, primeras investigaciones sobre el timbre y la estructura<\/td><td><em>Chacona<\/em>, <em>Sonata para piano<\/em>, <em>Musical Toys<\/em>, <br><em>Toccata-Troncata<\/em><br><audio src=\"https:\/\/pigyki.fr\/wp-content\/uploads\/2025\/10\/Sofia-Gubaidulina-Extraits-Piano.mp3\"><\/audio><\/td><td class=\"has-text-align-center\" data-align=\"center\"><strong><em><a href=\"https:\/\/pigyki.fr\/wp-content\/uploads\/2025\/10\/Sofia-Gubaidulina-Extraits-Piano.mp3\" target=\"_blank\" rel=\"noreferrer noopener\"><a href=\"https:\/\/pigyki.fr\/wp-content\/uploads\/2025\/10\/Sofia-Gubaidulina-Extraits-Piano.mp3\"><strong><em>Piezas para<\/em><\/strong><\/a> piano solo *<\/a><\/em><\/strong> <br>1969-74<br><em>9&rsquo;15<\/em><br><audio src=\"https:\/\/pigyki.fr\/wp-content\/uploads\/2025\/10\/Sofia-Gubaidulina-Extraits-Piano.mp3\"><\/audio><audio src=\"https:\/\/pigyki.fr\/wp-content\/uploads\/2025\/10\/Sofia-Gubaidulina-Extraits-Piano.mp3\"><\/audio><\/td><\/tr><tr><td><strong><strong>Afirmaci\u00f3n y reconocimiento<\/strong><\/strong><\/td><td>1980\u20131989<\/td><td>Espiritualidad expl\u00edcita, lenguaje simb\u00f3lico, reconocimiento internacional<\/td><td><em>Offertorium<\/em>, <br><em>Sieben Worte<\/em><\/td><td class=\"has-text-align-center\" data-align=\"center\"><strong><em><a href=\"https:\/\/pigyki.fr\/wp-content\/uploads\/2025\/10\/Sofia-Gubaidulina-Silenzio-I-II-III-Bayan-Violin-Cello.mp3\" target=\"_blank\" rel=\"noreferrer noopener\">Silenzio *<\/a><\/em><\/strong><br>1991 &#8211; Extractos (I \/ III) <br><em>9&rsquo;30<\/em><\/td><\/tr><tr><td><strong><strong>Madurez y profundizaci\u00f3n<\/strong><\/strong><\/td><td>1990\u20132000<\/td><td>Exploraci\u00f3n del silencio, el tiempo, el material; obras de c\u00e1mara y de fe <em>Silenzio<\/em>, <em>Sonnengesang<\/em>, <em>Dancer on a Tightrope<\/em><\/td><td><em>Silenzio<\/em>, <em>Sonnengesang<\/em>, <em>Dancer on a Tightrope<\/em><\/td><td class=\"has-text-align-center\" data-align=\"center\"><strong><em><a href=\"https:\/\/pigyki.fr\/wp-content\/uploads\/2025\/10\/Sofia-Gubaidoulina-Extraits-Cantiques-du-soleil.mp3\" target=\"_blank\" rel=\"noreferrer noopener\">Sonnengesang *<\/a><\/em><\/strong>\u00a0<br>1997 &#8211; Extracto<br><em>7&rsquo;40<\/em><\/td><\/tr><tr><td><strong><strong>Obras tard\u00edas y grandes encargos <\/strong><\/strong><\/td><td>2001\u20132025<\/td><td>Transparencia orquestal, amplitud visionaria<\/td><td><em>Mirage<\/em>, <em>The Light of the End<\/em>, <em>In tempus praesens<\/em>, <br><em>Triple Concierto<\/em><\/td><td class=\"has-text-align-center\" data-align=\"center\"><strong><em><a href=\"https:\/\/pigyki.fr\/wp-content\/uploads\/2025\/10\/Sofia-Gubaidulina-Extraits-de-The-lignt-of-the-end.mp3\" target=\"_blank\" rel=\"noreferrer noopener\">The Light of the End  \/ The Light at the End *<\/a><\/em><\/strong> <br>2003 &#8211; 2\u00aa parte<br><em>11&rsquo;30<\/em><\/td><\/tr><\/tbody><\/table><\/figure>\n\n\n\n<hr class=\"wp-block-separator has-alpha-channel-opacity\"\/>\n\n\n\n<div class=\"wp-block-media-text has-media-on-the-right is-stacked-on-mobile\"><div class=\"wp-block-media-text__content\">\n<h3 class=\"wp-block-heading has-text-align-center\">1. P<strong><strong>rimeras obras<\/strong><\/strong><br><br>1960 \/ 1979<\/h3>\n<\/div><figure class=\"wp-block-media-text__media\"><img loading=\"lazy\" decoding=\"async\" width=\"649\" height=\"1024\" src=\"https:\/\/pigyki.fr\/wp-content\/uploads\/2025\/10\/image-2-649x1024.png\" alt=\"\" class=\"wp-image-7196 size-full\" srcset=\"https:\/\/pigyki.fr\/wp-content\/uploads\/2025\/10\/image-2-649x1024.png 649w, https:\/\/pigyki.fr\/wp-content\/uploads\/2025\/10\/image-2-190x300.png 190w, https:\/\/pigyki.fr\/wp-content\/uploads\/2025\/10\/image-2-768x1212.png 768w, https:\/\/pigyki.fr\/wp-content\/uploads\/2025\/10\/image-2.png 801w\" sizes=\"auto, (max-width: 649px) 100vw, 649px\" \/><\/figure><\/div>\n\n\n\n<h5 class=\"wp-block-heading\"><em>Chaconne<\/em> (1962)<\/h5>\n\n\n\n<p>Obra encargada por una de sus compa\u00f1eras, la pianista Marina Mdivani, ganadora del Concurso Long-Thibaud de 1961.<\/p>\n\n\n\n<p><strong><em><a href=\"#Ricardo-Descalzo\">Ricardo Descalzo *<\/a><\/em><\/strong>, piano <\/p>\n\n\n\n<figure class=\"wp-block-audio\"><audio controls src=\"https:\/\/pigyki.fr\/wp-content\/uploads\/2025\/10\/Sofia-Gubaidulina-Chaconne-1962.mp3\"><\/audio><\/figure>\n\n\n\n<hr class=\"wp-block-separator has-alpha-channel-opacity\"\/>\n\n\n\n<h5 class=\"wp-block-heading\"><em>Sonata<\/em> para Piano (1965)<\/h5>\n\n\n\n<blockquote class=\"wp-block-quote is-layout-flow wp-block-quote-is-layout-flow\">\n<p>Si no conoce esta obra maestra del repertorio pian\u00edstico contempor\u00e1neo, se llevar\u00e1 una gran sorpresa. Para m\u00ed, es una de las mejores obras para piano de la segunda mitad del siglo XX. Escuela rusa, jazz, experimentaci\u00f3n, bravura, virtuosismo, lirismo, nostalgia. La m\u00fasica en su esencia m\u00e1s pura, con todas sus emociones.<\/p>\n\n\n\n<p class=\"has-text-align-right\"><strong><em>Ricardo Descalzo<\/em><\/strong><\/p>\n\n\n\n<figure class=\"wp-block-audio\"><audio controls src=\"https:\/\/pigyki.fr\/wp-content\/uploads\/2025\/10\/Sofia-Gubaidulina-Piano-Sonata-1965.mp3\"><\/audio><\/figure>\n<\/blockquote>\n\n\n\n<hr class=\"wp-block-separator has-alpha-channel-opacity\"\/>\n\n\n\n<h5 class=\"wp-block-heading\"><strong><em><a href=\"#toys\">Musical Toys *<\/a><\/em><\/strong> \/ Juguetes musicales, 14 piezas de piano para ni\u00f1os (1969)<\/h5>\n\n\n\n<blockquote class=\"wp-block-quote is-layout-flow wp-block-quote-is-layout-flow\">\n<p>Una maravillosa colecci\u00f3n de 14 piezas cortas de distintos niveles, desde las m\u00e1s sencillas hasta las m\u00e1s virtuosas. Cada pieza es un universo \u00fanico: algunas est\u00e1n influenciadas por el jazz, otras siguen el estilo de Shostak\u00f3vich, son nocturnas, on\u00edricas, como tocadas&#8230; un universo musical personal que Sof\u00eda ha escrito para s\u00ed misma, para la ni\u00f1a que fue un d\u00eda.<\/p>\n\n\n\n<p class=\"has-text-align-right\"><strong><em>Ricardo Descalzo<\/em><\/strong><\/p>\n<\/blockquote>\n\n\n\n<p>Ricardo Descalzo, piano, para la integral que figura a continuaci\u00f3n, a la que a\u00f1ade como pieza XV<sup>\u00aa<\/sup> una <strong><em>Invenci\u00f3n<\/em><\/strong> (1974).<\/p>\n\n\n\n<figure class=\"wp-block-audio\"><audio controls src=\"https:\/\/pigyki.fr\/wp-content\/uploads\/2025\/10\/Sofia-Gubaidulina-Piano-Sonata-1965-1.mp3\"><\/audio><\/figure>\n\n\n\n<hr class=\"wp-block-separator has-alpha-channel-opacity\"\/>\n\n\n\n<h5 class=\"wp-block-heading\"><em>Toccata-Troncata<\/em> (1971)<\/h5>\n\n\n\n<p>Ricardo Descalzo, Piano<\/p>\n\n\n\n<figure class=\"wp-block-audio\"><audio controls src=\"https:\/\/pigyki.fr\/wp-content\/uploads\/2025\/10\/Sofia-Gubaidulina-Toccata-Troncata-1971.mp3\"><\/audio><\/figure>\n\n\n\n<hr class=\"wp-block-separator has-alpha-channel-opacity\"\/>\n\n\n\n<div class=\"wp-block-media-text is-stacked-on-mobile\"><figure class=\"wp-block-media-text__media\"><img loading=\"lazy\" decoding=\"async\" width=\"490\" height=\"615\" src=\"https:\/\/pigyki.fr\/wp-content\/uploads\/2025\/10\/image-5.png\" alt=\"\" class=\"wp-image-7202 size-full\" srcset=\"https:\/\/pigyki.fr\/wp-content\/uploads\/2025\/10\/image-5.png 490w, https:\/\/pigyki.fr\/wp-content\/uploads\/2025\/10\/image-5-239x300.png 239w\" sizes=\"auto, (max-width: 490px) 100vw, 490px\" \/><\/figure><div class=\"wp-block-media-text__content\">\n<h3 class=\"wp-block-heading has-text-align-center\">2. <strong><strong>Afirmaci\u00f3n y reconocimiento<\/strong><\/strong><br><br>1980 \/ 1989<\/h3>\n<\/div><\/div>\n\n\n\n<h5 class=\"wp-block-heading\"><em>Offertorium<\/em> &#8211; Concerto para Viol\u00edn N\u00b01 (1980)<\/h5>\n\n\n\n<p>Obra dedicada a Gidon Kremer, quien la estren\u00f3 y dio a conocer a Sofia Guba\u00efdulina en todo el mundo.<br>Gidon Kremer, viol\u00edn \u00b7 Orquesta Sinf\u00f3nica de Boston \u00b7 Charles Dutoit, direcci\u00f3n (1988)<\/p>\n\n\n\n<figure class=\"wp-block-audio\"><audio controls src=\"https:\/\/pigyki.fr\/wp-content\/uploads\/2025\/10\/Gubaidulina-Violin-Concerto-No.-1-Offertorium.mp3\"><\/audio><\/figure>\n\n\n\n<hr class=\"wp-block-separator has-alpha-channel-opacity\"\/>\n\n\n\n<h5 class=\"wp-block-heading\"><strong><em><a href=\"#sieben\">Sieben Worte *<\/a><\/em><\/strong> (Las siete \u00faltimas palabras de Cristo), para violonchelo, bay\u00e1n y cuerdas (1982)<\/h5>\n\n\n\n<p>Sin intentar \u00abcomprender\u00bb el simbolismo de esta obra, me sent\u00ed cautivado por su dimensi\u00f3n m\u00edstica, casi hipn\u00f3tica&#8230;<br>La obra es en realidad un doble concierto para violonchelo y acorde\u00f3n. Se inscribe en la tradici\u00f3n de las meditaciones sobre <strong>las siete palabras de Jes\u00fas en la cruz<\/strong>. En esta obra, la tensi\u00f3n est\u00e1 presente de principio a fin, con gran elocuencia.<\/p>\n\n\n\n<p>Elsbeth Moser, bay\u00e1n &#8211; Maria Kliegel, violonchelo &#8211; Camerata Transsylvanica, Gyorgy Selmeczi, direcci\u00f3n<\/p>\n\n\n\n<figure class=\"wp-block-audio\"><audio controls src=\"https:\/\/pigyki.fr\/wp-content\/uploads\/2025\/10\/Sofia-Gubaidulina-Sieben-Worte-1982-for-cello-bayan-and-strings.mp3\"><\/audio><\/figure>\n\n\n\n<hr class=\"wp-block-separator has-alpha-channel-opacity\"\/>\n\n\n\n<div class=\"wp-block-media-text has-media-on-the-right is-stacked-on-mobile\"><div class=\"wp-block-media-text__content\">\n<h3 class=\"wp-block-heading has-text-align-center\">3. <strong><strong>Madurez y profundizaci\u00f3n<\/strong><\/strong><br><br>1990 \/ 2000<\/h3>\n<\/div><figure class=\"wp-block-media-text__media\"><img loading=\"lazy\" decoding=\"async\" width=\"266\" height=\"189\" src=\"https:\/\/pigyki.fr\/wp-content\/uploads\/2025\/10\/image-3.png\" alt=\"\" class=\"wp-image-7197 size-full\"\/><\/figure><\/div>\n\n\n\n<blockquote class=\"wp-block-quote is-layout-flow wp-block-quote-is-layout-flow\">\n<p><em><em>\u00abLa cuesti\u00f3n fundamental para los artistas de mi generaci\u00f3n es la libertad. El pensamiento libre. Y eso tuvimos que conquistarlo, arrancarlo pedazo a pedazo con nuestras u\u00f1as. \u00bfCre\u00e9is que acab\u00e9 en esa lista negra por mi m\u00fasica? \u00a1Ni lo pens\u00e9is! Fue por mis ojos. A nadie le interesaba lo que compon\u00eda, creo que ning\u00fan dirigente ha escuchado ni una sola nota, pero vieron mis ojos \u00e1vidos de libertad\u00bb.<\/em><\/em><\/p>\n\n\n\n<p class=\"has-text-align-right\"><em><strong>Sofia Guba\u00efdulina<\/strong><\/em><\/p>\n<\/blockquote>\n\n\n\n<h5 class=\"wp-block-heading\"><strong><em><a href=\"#silenzio\">Silenzio *<\/a><\/em><\/strong> (1991)<\/h5>\n\n\n\n<p style=\"font-size:18px\">Elsbeth Moser, <a href=\"https:\/\/www.deepl.com\/fr\/translator#bayan\"><strong><em>Bayan*<\/em><\/strong><\/a> &#8211; Kathrin Rabus, viol\u00edn &#8211; Maria Kliegel, violonchelo<\/p>\n\n\n\n<p>I <a href=\"https:\/\/www.youtube.com\/watch?v=RJVz6HC33dw\">00:00<\/a> II <a href=\"https:\/\/www.youtube.com\/watch?v=RJVz6HC33dw&amp;t=250s\">04:10<\/a> III <a href=\"https:\/\/www.youtube.com\/watch?v=RJVz6HC33dw&amp;t=403s\">06:43<\/a> IV <a href=\"https:\/\/www.youtube.com\/watch?v=RJVz6HC33dw&amp;t=572s\">09:32<\/a> V <a href=\"https:\/\/www.youtube.com\/watch?v=RJVz6HC33dw&amp;t=650s\">10:50<\/a><\/p>\n\n\n\n<figure class=\"wp-block-audio\"><audio controls src=\"https:\/\/pigyki.fr\/wp-content\/uploads\/2025\/10\/Sofia-Gubaidulina-Silenzio-For-Bayan-Violin-Cello.mp3\"><\/audio><\/figure>\n\n\n\n<hr class=\"wp-block-separator has-alpha-channel-opacity\"\/>\n\n\n\n<h5 class=\"wp-block-heading\"><em>Dancer on a Tightrope<\/em> \/ Bailar\u00edn en la cuerda floja (1993)<\/h5>\n\n\n\n<p>Katha Zinn, viol\u00edn, e Illya Filshtinskiy, piano<br>El <a href=\"https:\/\/youtu.be\/LQDbofn2e74?si=CZlCEprrUWp5okWg\" target=\"_blank\" rel=\"noreferrer noopener\"><strong><em>v\u00eddeo<\/em><\/strong><\/a> permite comprender c\u00f3mo se producen ciertos sonidos con el piano&#8230;<\/p>\n\n\n\n<figure class=\"wp-block-audio\"><audio controls src=\"https:\/\/pigyki.fr\/wp-content\/uploads\/2025\/10\/Gubaidulina-Dancer-on-a-Tightrope-Katha-Zinn-violin-Illya-Filshtinskiy-piano.mp3\"><\/audio><\/figure>\n\n\n<style>.kadence-column7233_ff4dae-c4 > .kt-inside-inner-col,.kadence-column7233_ff4dae-c4 > .kt-inside-inner-col:before{border-top-left-radius:0px;border-top-right-radius:0px;border-bottom-right-radius:0px;border-bottom-left-radius:0px;}.kadence-column7233_ff4dae-c4 > .kt-inside-inner-col{column-gap:var(--global-kb-gap-sm, 1rem);}.kadence-column7233_ff4dae-c4 > .kt-inside-inner-col{flex-direction:column;}.kadence-column7233_ff4dae-c4 > .kt-inside-inner-col > .aligncenter{width:100%;}.kadence-column7233_ff4dae-c4 > .kt-inside-inner-col:before{opacity:0.3;}.kadence-column7233_ff4dae-c4{position:relative;}@media all and (max-width: 1024px){.kadence-column7233_ff4dae-c4 > .kt-inside-inner-col{flex-direction:column;justify-content:center;}}@media all and (max-width: 767px){.kadence-column7233_ff4dae-c4 > .kt-inside-inner-col{flex-direction:column;justify-content:center;}}<\/style>\n<div class=\"wp-block-kadence-column kadence-column7233_ff4dae-c4\"><div class=\"kt-inside-inner-col\">\n<hr class=\"wp-block-separator has-alpha-channel-opacity\"\/>\n<\/div><\/div>\n\n\n\n<div class=\"wp-block-media-text is-stacked-on-mobile\"><figure class=\"wp-block-media-text__media\"><img loading=\"lazy\" decoding=\"async\" width=\"600\" height=\"392\" src=\"https:\/\/pigyki.fr\/wp-content\/uploads\/2025\/10\/image-6.png\" alt=\"\" class=\"wp-image-7205 size-full\" srcset=\"https:\/\/pigyki.fr\/wp-content\/uploads\/2025\/10\/image-6.png 600w, https:\/\/pigyki.fr\/wp-content\/uploads\/2025\/10\/image-6-300x196.png 300w, https:\/\/pigyki.fr\/wp-content\/uploads\/2025\/10\/image-6-281x184.png 281w\" sizes=\"auto, (max-width: 600px) 100vw, 600px\" \/><\/figure><div class=\"wp-block-media-text__content\">\n<h3 class=\"wp-block-heading has-text-align-center\">4. <strong><strong>Obras tard\u00edas y grandes encargos<\/strong><\/strong><br><br>2001 \/ 2025<\/h3>\n<\/div><\/div>\n\n\n\n<h5 class=\"wp-block-heading\"><em>Mirage \u00ab<em>El sol danzante<\/em>\u00bb<\/em> para 8 violonchelos (2002)<\/h5>\n\n\n\n<p>Obra encargada para los <em>Rencontres d\u2019Ensembles de Violoncelles, Beauvais<\/em>, dedicada al Octeto de Violonchelos de Beauvais.Grabaci\u00f3n realizada por la Uni\u00f3n de Compositores de Mosc\u00fa el 27 de noviembre de 2011.<\/p>\n\n\n\n<p>Int\u00e9rpretes: Conjunto de violonchelos del Conservatorio Gnesine de Rusia, compuesto por: V. Tonkha, R. Bourkin, N. Ivanova, V. Nikonov, K. Krylatova, L. Moukhamedina, N. Poustovarova, D. Tsirempilova<\/p>\n\n\n\n<figure class=\"wp-block-audio\"><audio controls src=\"https:\/\/pigyki.fr\/wp-content\/uploads\/2025\/10\/Sofia-Gulaidulina-Le-soleil-dansant-8-Violoncelles.mp3\"><\/audio><\/figure>\n\n\n\n<hr class=\"wp-block-separator has-alpha-channel-opacity\"\/>\n\n\n\n<h5 class=\"wp-block-heading\"><em>The Lyre of Orpheus<\/em> \/ La lira de Orfeo (2005)<\/h5>\n\n\n\n<p>Encargo del festival \u00ab<strong>Les mus\u00e9iques<\/strong>\u00bb de Basilea, para viol\u00edn solo, 2 percusionistas, 6 violines, 5 segundos violines, 4 violas, 4 violonchelos y 2 contrabajos. Estrenada en 2006 por Gidon Kremer y su Kremerata Baltica.<\/p>\n\n\n\n<p>Gidon Kremer, viol\u00edn solo \u00b7 Marta Sudraba, violonchelo \u00b7 Kremerata Baltica<\/p>\n\n\n\n<figure class=\"wp-block-audio\"><audio controls src=\"https:\/\/pigyki.fr\/wp-content\/uploads\/2025\/10\/Gubaidulina-The-Lyre-of-Orpheus-Live.mp3\"><\/audio><\/figure>\n\n\n\n<hr class=\"wp-block-separator has-alpha-channel-opacity\"\/>\n\n\n\n<h5 class=\"wp-block-heading\"><strong><em><a href=\"#tempus\">In tempus praesens *<\/a><\/em><\/strong> \/ Pour le temps pr\u00e9sent (Por el tiempo presente) &#8211; Concierto para viol\u00edn y orquesta (2007)<\/h5>\n\n\n\n<p>Anne-Sophie Mutter, dedicatoria de la obra, viol\u00edn &#8211; Orquesta Sinf\u00f3nica de Londres &#8211; Valery Gergiev.<\/p>\n\n\n\n<figure class=\"wp-block-audio\"><audio controls src=\"https:\/\/pigyki.fr\/wp-content\/uploads\/2025\/10\/Sofia-Gubaidulina-In-Tempus-Praesens.mp3\"><\/audio><\/figure>\n\n\n\n<hr class=\"wp-block-separator has-alpha-channel-opacity\"\/>\n\n\n\n<h5 class=\"wp-block-heading\"><em>Triple Concierto<\/em> para viol\u00edn, violonchelo, bay\u00e1n y orquesta (2016)<\/h5>\n\n\n\n<p>Baiba Skride, viol\u00edn &#8211; Harriet Krijgh, violonchelo &#8211; Elsbeth Moser, bay\u00e1n &#8211; Orquesta Sinf\u00f3nica de Boston, Andris Nelsons, direcci\u00f3n (2017)<\/p>\n\n\n\n<figure class=\"wp-block-audio\"><audio controls src=\"https:\/\/pigyki.fr\/wp-content\/uploads\/2025\/10\/Sofia-Gubaidulina-Triple-Concerto-2016.mp3\"><\/audio><\/figure>\n\n\n\n<hr class=\"wp-block-separator has-alpha-channel-opacity\" id=\"plus\"\/>\n\n\n\n<h4 class=\"wp-block-heading\"><em>* Para saber m\u00e1s&#8230;<\/em><\/h4>\n\n\n\n<h4 class=\"wp-block-heading\">Detalle de los extractos de las escuchas breves<\/h4>\n\n\n\n<div style=\"height:10px\" aria-hidden=\"true\" id=\"piano\" class=\"wp-block-spacer\"><\/div>\n\n\n\n<h5 class=\"wp-block-heading\"><strong><em>Piezas para piano solo<\/em><\/strong> (1969-74)<\/h5>\n\n\n\n<p><strong><em>Musical toys<\/em><\/strong> (1969) extractos n.\u00ba XI-XII-XIII por Diana Baker \/ <strong><em>Toccata-Troncata<\/em><\/strong> (1971) \/ <strong><em>Invention<\/em><\/strong> (1974) por Ricardo Descalzo<\/p>\n\n\n\n<figure class=\"wp-block-audio\"><audio controls src=\"https:\/\/pigyki.fr\/wp-content\/uploads\/2025\/10\/Sofia-Gubaidulina-Extraits-Piano.mp3\"><\/audio><\/figure>\n\n\n\n<div style=\"height:30px\" aria-hidden=\"true\" id=\"Ricardo-Descalzo\" class=\"wp-block-spacer\"><\/div>\n\n\n\n<p><a href=\"https:\/\/www.facebook.com\/ricardodescalzo\/about\"><strong><em>Ricardo Descalzo<\/em><\/strong><\/a>, pianista espa\u00f1ol, profesor de piano contempor\u00e1neo en el <em>Conservatorio Musikene de San Sebasti\u00e1n<\/em>.<br>Ha emprendido la grabaci\u00f3n de la obra completa para piano de Sofia Guba\u00efdulina, con quien ha trabajado, integrada en un amplio proyecto de biblioteca sonora del piano contempor\u00e1neo.<br>Entre otras cosas, \u00a1tiene la gran cualidad de tocar todo de memoria en sus v\u00eddeos!<\/p>\n\n\n\n<hr class=\"wp-block-separator has-alpha-channel-opacity\"\/>\n\n\n\n<div style=\"height:10px\" aria-hidden=\"true\" id=\"toys\" class=\"wp-block-spacer\"><\/div>\n\n\n\n<h5 class=\"wp-block-heading\"><em>Musical toys<\/em><\/h5>\n\n\n\n<p>Diana Baker, piano, con la duraci\u00f3n indicada a continuaci\u00f3n. Versi\u00f3n m\u00e1s delicada que la de Ricardo Descalzo&#8230; (Total 18&rsquo;27)<\/p>\n\n\n<style>.kb-table-container7233_ad2c62-ed{max-width:100%;max-height:1265px;overflow-x:auto;}.kb-table7233_ad2c62-ed tr{height:0px;}.kb-table-container .kb-table7233_ad2c62-ed{overflow-x:scroll;}.kb-table-container .kb-table7233_ad2c62-ed th{padding-top:var(--global-kb-spacing-xxs, 0.5rem);padding-right:var(--global-kb-spacing-xxs, 0.5rem);padding-bottom:var(--global-kb-spacing-xxs, 0.5rem);padding-left:var(--global-kb-spacing-xxs, 0.5rem);text-align:center;}.kb-table-container .kb-table7233_ad2c62-ed caption{text-align:center;}.kb-table-container .kb-table7233_ad2c62-ed td{padding-top:var(--global-kb-spacing-xxs, 0.5rem);padding-right:var(--global-kb-spacing-xxs, 0.5rem);padding-bottom:var(--global-kb-spacing-xxs, 0.5rem);padding-left:var(--global-kb-spacing-xxs, 0.5rem);text-align:left;}<\/style><div class=\"kb-table-container kb-table-container7233_ad2c62-ed wp-block-kadence-table\"><table class=\"kb-table kb-table7233_ad2c62-ed\">\n<style>.kb-table-container .kb-table tr.kb-table-row7233_68322f-74{height:0px;}<\/style><tr class=\"kb-table-row kb-table-row7233_68322f-74\">\n<td class=\"kb-table-data kb-table-data7233_cadd26-9c\">\n\n<p style=\"font-size:16px\">Referencias<\/p>\n\n\n\n<p style=\"font-size:16px\">YouTube<\/p>\n\n<\/td>\n\n<td class=\"kb-table-data kb-table-data7233_7291f0-fb\">\n\n<p class=\"has-normal-font-size\">T\u00edtulo de las piezas<\/p>\n\n<\/td>\n<\/tr>\n\n<style>.kb-table-container .kb-table tr.kb-table-row7233_c44cb7-be{height:0px;}<\/style><tr class=\"kb-table-row kb-table-row7233_c44cb7-be\">\n<td class=\"kb-table-data kb-table-data7233_1dbb52-fb\">\n\n<p style=\"font-size:16px\"><a href=\"https:\/\/youtu.be\/TnfmGzWEH2A?si=7CSxELMmmNz_S4v-\" target=\"_blank\" rel=\"noreferrer noopener\">00:00<\/a><\/p>\n\n<\/td>\n\n<td class=\"kb-table-data kb-table-data7233_1f1b50-21\">\n\n<p style=\"font-size:16px\">I. Acorde\u00f3n mec\u00e1nico<\/p>\n\n<\/td>\n<\/tr>\n\n<style>.kb-table-container .kb-table tr.kb-table-row7233_41a661-6b{height:0px;}<\/style><tr class=\"kb-table-row kb-table-row7233_41a661-6b\">\n<td class=\"kb-table-data kb-table-data7233_56e623-24\">\n\n<p style=\"font-size:16px\"><a href=\"https:\/\/www.youtube.com\/watch?v=TnfmGzWEH2A&amp;t=34s\" target=\"_blank\" rel=\"noreferrer noopener\">00:34<\/a><\/p>\n\n<\/td>\n\n<td class=\"kb-table-data kb-table-data7233_4934f6-e8\">\n\n<p style=\"font-size:16px\">II. Caperucita Roja<\/p>\n\n<\/td>\n<\/tr>\n\n<style>.kb-table-container .kb-table tr.kb-table-row7233_85fb82-1e{height:0px;}<\/style><tr class=\"kb-table-row kb-table-row7233_85fb82-1e\">\n<td class=\"kb-table-data kb-table-data7233_8ff6a3-32\">\n\n<p style=\"font-size:16px\"><a href=\"https:\/\/www.youtube.com\/watch?v=TnfmGzWEH2A&amp;t=73s\" target=\"_blank\" rel=\"noreferrer noopener\">01:13<\/a><\/p>\n\n<\/td>\n\n<td class=\"kb-table-data kb-table-data7233_048195-3f\">\n\n<p style=\"font-size:16px\">III. El trompetista en el bosque<\/p>\n\n<\/td>\n<\/tr>\n\n<style>.kb-table-container .kb-table tr.kb-table-row7233_bd7dcf-70{height:0px;}<\/style><tr class=\"kb-table-row kb-table-row7233_bd7dcf-70\">\n<td class=\"kb-table-data kb-table-data7233_13d760-88\">\n\n<p style=\"font-size:16px\"><a href=\"https:\/\/www.youtube.com\/watch?v=TnfmGzWEH2A&amp;t=167s\" target=\"_blank\" rel=\"noreferrer noopener\">02:47<\/a><\/p>\n\n<\/td>\n\n<td class=\"kb-table-data kb-table-data7233_6de827-37\">\n\n<p style=\"font-size:16px\">IV. El herrero mago<\/p>\n\n<\/td>\n<\/tr>\n\n<style>.kb-table-container .kb-table tr.kb-table-row7233_31c89f-48{height:0px;}<\/style><tr class=\"kb-table-row kb-table-row7233_31c89f-48\">\n<td class=\"kb-table-data kb-table-data7233_12a24f-22\">\n\n<p style=\"font-size:16px\"><a href=\"https:\/\/www.youtube.com\/watch?v=TnfmGzWEH2A&amp;t=219s\" target=\"_blank\" rel=\"noreferrer noopener\">03:39<\/a><\/p>\n\n<\/td>\n\n<td class=\"kb-table-data kb-table-data7233_43ebd4-6d\">\n\n<p style=\"font-size:16px\">V. D\u00eda de abril<\/p>\n\n<\/td>\n<\/tr>\n\n<style>.kb-table-container .kb-table tr.kb-table-row7233_ff5989-de{height:0px;}<\/style><tr class=\"kb-table-row kb-table-row7233_ff5989-de\">\n<td class=\"kb-table-data kb-table-data7233_8bb3db-6e\">\n\n<p style=\"font-size:16px\"><a href=\"https:\/\/www.youtube.com\/watch?v=TnfmGzWEH2A&amp;t=261s\" target=\"_blank\" rel=\"noreferrer noopener\">04:21<\/a><\/p>\n\n<\/td>\n\n<td class=\"kb-table-data kb-table-data7233_a78711-5d\">\n\n<p style=\"font-size:16px\">VI. Canci\u00f3n del pescador<\/p>\n\n<\/td>\n<\/tr>\n\n<style>.kb-table-container .kb-table tr.kb-table-row7233_d0af15-57{height:0px;}<\/style><tr class=\"kb-table-row kb-table-row7233_d0af15-57\">\n<td class=\"kb-table-data kb-table-data7233_97b7c6-20\">\n\n<p style=\"font-size:16px\"><a href=\"https:\/\/www.youtube.com\/watch?v=TnfmGzWEH2A&amp;t=369s\" target=\"_blank\" rel=\"noreferrer noopener\">06:09<\/a><\/p>\n\n<\/td>\n\n<td class=\"kb-table-data kb-table-data7233_08e9b0-ef\">\n\n<p style=\"font-size:16px\">VII. El carbonero<\/p>\n\n<\/td>\n<\/tr>\n\n<style>.kb-table-container .kb-table tr.kb-table-row7233_b4d1c5-c5{height:0px;}<\/style><tr class=\"kb-table-row kb-table-row7233_b4d1c5-c5\">\n<td class=\"kb-table-data kb-table-data7233_23bffc-11\">\n\n<p style=\"font-size:16px\"><a href=\"https:\/\/www.youtube.com\/watch?v=TnfmGzWEH2A&amp;t=439s\" target=\"_blank\" rel=\"noreferrer noopener\">07:19<\/a><\/p>\n\n<\/td>\n\n<td class=\"kb-table-data kb-table-data7233_21691c-c3\">\n\n<p style=\"font-size:16px\">VIII. Un oso tocando el contrabajo y la mujer negra<\/p>\n\n<\/td>\n<\/tr>\n\n<style>.kb-table-container .kb-table tr.kb-table-row7233_26103e-93{height:0px;}<\/style><tr class=\"kb-table-row kb-table-row7233_26103e-93\">\n<td class=\"kb-table-data kb-table-data7233_9cd379-be\">\n\n<p style=\"font-size:16px\"><a href=\"https:\/\/www.youtube.com\/watch?v=TnfmGzWEH2A&amp;t=498s\" target=\"_blank\" rel=\"noreferrer noopener\">08:18<\/a><\/p>\n\n<\/td>\n\n<td class=\"kb-table-data kb-table-data7233_5befe4-8b\">\n\n<p style=\"font-size:16px\">IX. El p\u00e1jaro carpintero<\/p>\n\n<\/td>\n<\/tr>\n\n<style>.kb-table-container .kb-table tr.kb-table-row7233_b86cd2-7d{height:0px;}<\/style><tr class=\"kb-table-row kb-table-row7233_b86cd2-7d\">\n<td class=\"kb-table-data kb-table-data7233_0edb35-5b\">\n\n<p style=\"font-size:16px\"><a href=\"https:\/\/youtu.be\/TnfmGzWEH2A?si=8FVR5tRKnQFDTg-E&amp;t=619\" target=\"_blank\" rel=\"noreferrer noopener\">10:19<\/a><\/p>\n\n<\/td>\n\n<td class=\"kb-table-data kb-table-data7233_62dd1f-82\">\n\n<p style=\"font-size:16px\">X. El claro del alce<\/p>\n\n<\/td>\n<\/tr>\n\n<style>.kb-table-container .kb-table tr.kb-table-row7233_b38498-0b{height:0px;}<\/style><tr class=\"kb-table-row kb-table-row7233_b38498-0b\">\n<td class=\"kb-table-data kb-table-data7233_496e15-e6\">\n\n<p style=\"font-size:16px\"><a href=\"https:\/\/www.youtube.com\/watch?v=TnfmGzWEH2A&amp;t=677s\" target=\"_blank\" rel=\"noreferrer noopener\">11:17<\/a><\/p>\n\n<\/td>\n\n<td class=\"kb-table-data kb-table-data7233_dc80f3-8f\">\n\n<p style=\"font-size:16px\">XI. El trineo con cascabeles<\/p>\n\n<\/td>\n<\/tr>\n\n<style>.kb-table-container .kb-table tr.kb-table-row7233_08ab46-2f{height:0px;}<\/style><tr class=\"kb-table-row kb-table-row7233_08ab46-2f\">\n<td class=\"kb-table-data kb-table-data7233_ae8f4c-44\">\n\n<p style=\"font-size:16px\"><a href=\"https:\/\/www.youtube.com\/watch?v=TnfmGzWEH2A&amp;t=727s\" target=\"_blank\" rel=\"noreferrer noopener\">12:07<\/a><\/p>\n\n<\/td>\n\n<td class=\"kb-table-data kb-table-data7233_e78070-06\">\n\n<p style=\"font-size:16px\">XII. El eco<\/p>\n\n<\/td>\n<\/tr>\n\n<style>.kb-table-container .kb-table tr.kb-table-row7233_ef3eb6-e6{height:0px;}<\/style><tr class=\"kb-table-row kb-table-row7233_ef3eb6-e6\">\n<td class=\"kb-table-data kb-table-data7233_494c2c-0a\">\n\n<p style=\"font-size:16px\"><a href=\"https:\/\/www.youtube.com\/watch?v=TnfmGzWEH2A&amp;t=882s\" target=\"_blank\" rel=\"noreferrer noopener\">14:42<\/a><\/p>\n\n<\/td>\n\n<td class=\"kb-table-data kb-table-data7233_f8fc19-f8\">\n\n<p style=\"font-size:16px\">XIII. El tambor<\/p>\n\n<\/td>\n<\/tr>\n\n<style>.kb-table-container .kb-table tr.kb-table-row7233_88fbb1-df{height:0px;}<\/style><tr class=\"kb-table-row kb-table-row7233_88fbb1-df\">\n<td class=\"kb-table-data kb-table-data7233_cdc253-e8\">\n\n<p style=\"font-size:16px\"><a href=\"https:\/\/www.youtube.com\/watch?v=TnfmGzWEH2A&amp;t=959s\" target=\"_blank\" rel=\"noreferrer noopener\">15:59<\/a><\/p>\n\n<\/td>\n\n<td class=\"kb-table-data kb-table-data7233_98a554-b1\">\n\n<p style=\"font-size:16px\">XIV. Los m\u00fasicos del bosque<\/p>\n\n<\/td>\n<\/tr>\n<\/table><\/div>\n\n\n<hr class=\"wp-block-separator has-alpha-channel-opacity\"\/>\n\n\n\n<div style=\"height:10px\" aria-hidden=\"true\" id=\"silenzio\" class=\"wp-block-spacer\"><\/div>\n\n\n\n<h5 class=\"wp-block-heading\"><strong><em>Silenzio<\/em><\/strong> (1991)<\/h5>\n\n\n\n<p>El silencio como elemento compositivo. Sofia Guba\u00efdulina declar\u00f3 que consideraba el silencio como \u00ab\u2026 <em>el caldo de cultivo sobre el que crece algo que empuja<\/em>\u00bb. El silencio se representa aqu\u00ed de forma activa, mediante largos pasajes interpretados pianissimo.<\/p>\n\n\n\n<p><strong><em>Silenzio<\/em><\/strong>, un conjunto de cinco piezas para bay\u00e1n, viol\u00edn y violonchelo, est\u00e1 dedicado a <a href=\"https:\/\/www.genuinclassics.com\/_new\/artist_1.php?k=187\"><strong><em>Elsbeth Moser<\/em><\/strong><\/a>, cuya personalidad inspir\u00f3 la obra. Ella misma la estren\u00f3 en Hannover en 1991 junto con la violinista Kathrin Rabus y el violonchelista Christoph Marks. La mayor parte de la obra, explica la compositora, debe interpretarse pianissimo. No era su intenci\u00f3n expresar el silencio ni crear esa impresi\u00f3n. Para ella, el silencio es la base a partir de la cual se desarrolla algo. Se crean proporciones r\u00edtmicas exactas, que aparecen de diferentes maneras en las cinco miniaturas, a veces de forma oculta, a veces en forma de proporciones de duraci\u00f3n de las notas. En la \u00faltima miniatura, lo oculto y lo visible se unen en una s\u00edntesis: a lo largo del movimiento, se escuchan secuencias r\u00edtmicas formuladas de manera significativa en la parte de bay\u00e1n (cuasi variaciones sobre un ritmo). Es el mismo ritmo que se encuentra en la relaci\u00f3n entre las secciones formales, 7 \u2013 2 \u2013 5.<\/p>\n\n\n\n<p><em>Extracto de Music Notes por Keith Anderson<\/em><\/p>\n\n\n\n<p style=\"font-size:18px\">Elsbeth Moser, <a href=\"#bayan\"><strong><em>Bayan*<\/em><\/strong><\/a> &#8211; Kathrin Rabus, Viol\u00edn &#8211; Maria Kliegel, Violonchelo<\/p>\n\n\n\n<p>I <a href=\"https:\/\/www.youtube.com\/watch?v=RJVz6HC33dw\" target=\"_blank\" rel=\"noreferrer noopener\">00:00<\/a> II <a href=\"https:\/\/www.youtube.com\/watch?v=RJVz6HC33dw&amp;t=250s\" target=\"_blank\" rel=\"noreferrer noopener\">04:10<\/a> III <a href=\"https:\/\/www.youtube.com\/watch?v=RJVz6HC33dw&amp;t=403s\" target=\"_blank\" rel=\"noreferrer noopener\">06:43<\/a> IV <a href=\"https:\/\/www.youtube.com\/watch?v=RJVz6HC33dw&amp;t=572s\" target=\"_blank\" rel=\"noreferrer noopener\">09:32<\/a> V <a href=\"https:\/\/www.youtube.com\/watch?v=RJVz6HC33dw&amp;t=650s\" target=\"_blank\" rel=\"noreferrer noopener\">10:50<\/a><\/p>\n\n\n\n<figure class=\"wp-block-audio\"><audio controls src=\"https:\/\/pigyki.fr\/wp-content\/uploads\/2025\/10\/Sofia-Gubaidulina-Silenzio-For-Bayan-Violin-Cello.mp3\"><\/audio><\/figure>\n\n\n\n<hr class=\"wp-block-separator has-alpha-channel-opacity\"\/>\n\n\n\n<div style=\"height:10px\" aria-hidden=\"true\" id=\"sonnen\" class=\"wp-block-spacer\"><\/div>\n\n\n\n<h5 class=\"wp-block-heading\"><em>Sonnengesang<\/em>&nbsp;\/ C\u00e1ntico del sol (1997)<\/h5>\n\n\n\n<p>C\u00e1ntico del sol de San Francisco de As\u00eds, para violonchelo, coro de c\u00e1mara y percusi\u00f3n.<br>El juego con los arm\u00f3nicos naturales me evoca el principio de la \u00abm\u00fasica espectral\u00bb, tambi\u00e9n utilizado por Kaija Saariaho&#8230;<\/p>\n\n\n\n<p>Mstislav Rostropovich, violonchelo &#8211; London Voices, coro &#8211; London Symphony Orchestra &#8211; Ryusuke Numajiri, direcci\u00f3n<\/p>\n\n\n\n<figure class=\"wp-block-audio\"><audio controls src=\"https:\/\/pigyki.fr\/wp-content\/uploads\/2025\/10\/Sofia-Gubaidoulina-Cantiques-du-soleil.mp3\"><\/audio><\/figure>\n\n\n\n<hr class=\"wp-block-separator has-alpha-channel-opacity\"\/>\n\n\n\n<div style=\"height:10px\" aria-hidden=\"true\" id=\"light\" class=\"wp-block-spacer\"><\/div>\n\n\n\n<h5 class=\"wp-block-heading\"><em>The Light of the End  \/ The Light at the End<\/em> (2003)<\/h5>\n\n\n\n<blockquote class=\"wp-block-quote is-layout-flow wp-block-quote-is-layout-flow\">\n<p>El nombre de la composici\u00f3n proviene del brillante sonido de los platillos antiguos que cierran la coda de esta pieza. Pero a pesar del t\u00edtulo reflexivo, el sentido general de la composici\u00f3n es dram\u00e1tico. El drama es causado por el conflicto entre el car\u00e1cter intr\u00ednseco de los instrumentos para producir los sonidos de la serie natural de arm\u00f3nicos y la necesidad de adaptarlos a los sonidos del temperamento igual.<\/p>\n\n\n\n<p>Durante un tiempo, viv\u00ed este conflicto como mi propio drama: la incompatibilidad, en principio, de estas cualidades intr\u00ednsecas con las circunstancias de la vida real, en las que la naturaleza se ve neutralizada. Tarde o temprano, este dolor ten\u00eda que manifestarse en una composici\u00f3n. En esta pieza, el conflicto surge entre un tema compuesto exclusivamente por sonidos de la gama arm\u00f3nica natural y un tema que utiliza la escala temperada de 12 tonos. La pieza termina con la supresi\u00f3n de una disonancia en la que se resuelven los contrastes.<\/p>\n\n\n\n<p class=\"has-text-align-right\"><em><strong>Sofia Gubaidulina<\/strong><\/em><\/p>\n<\/blockquote>\n\n\n\n<p>Gewandhausorchester \u00b7 Andris Nelsons \/ Versi\u00f3n completa.<\/p>\n\n\n\n<figure class=\"wp-block-audio\"><audio controls src=\"https:\/\/pigyki.fr\/wp-content\/uploads\/2025\/10\/Sofia-Gubaidulina-The-Light-of-the-End-The-Light-at-the-End-1.mp3\"><\/audio><\/figure>\n\n\n\n<hr class=\"wp-block-separator has-alpha-channel-opacity\"\/>\n\n\n\n<div style=\"height:10px\" aria-hidden=\"true\" id=\"offertorium\" class=\"wp-block-spacer\"><\/div>\n\n\n\n<h5 class=\"wp-block-heading\"><em>Offertorium<\/em> (1980)<\/h5>\n\n\n\n<p>El concierto comienza con una cita del tema real de <em>La ofrenda musical<\/em> de Johann Sebastian Bach.<br>A continuaci\u00f3n, se \u00abdesnaturaliza\u00bb o \u00abdesmaterializa\u00bb hasta que solo queda una nota. El tema se recupera nota a nota al final de la secci\u00f3n central, al rev\u00e9s.<br>Su t\u00e9cnica se ha comparado con la m\u00fasica de <a href=\"https:\/\/es.wikipedia.org\/wiki\/Anton_Webern\" target=\"_blank\" rel=\"noreferrer noopener\">Anton Webern<\/a>.<\/p>\n\n\n\n<p>La compositora no proporcion\u00f3 ninguna nota program\u00e1tica para esta obra, pero explic\u00f3 posteriormente que su t\u00edtulo refleja un significado m\u00edstico, cercano a la m\u00fasica sacra.<br><em>(fuente: Wikipedia)<\/em><\/p>\n\n\n\n<hr class=\"wp-block-separator has-alpha-channel-opacity\"\/>\n\n\n\n<div style=\"height:10px\" aria-hidden=\"true\" id=\"bayan\" class=\"wp-block-spacer\"><\/div>\n\n\n\n<h6 class=\"wp-block-heading\">El bay\u00e1n<\/h6>\n\n\n\n<div class=\"wp-block-media-text is-stacked-on-mobile\"><figure class=\"wp-block-media-text__media\"><img loading=\"lazy\" decoding=\"async\" width=\"1024\" height=\"722\" src=\"https:\/\/pigyki.fr\/wp-content\/uploads\/2025\/10\/Jupiter_bayan_accordion-1024x722.jpeg\" alt=\"\" class=\"wp-image-7110 size-full\" srcset=\"https:\/\/pigyki.fr\/wp-content\/uploads\/2025\/10\/Jupiter_bayan_accordion-1024x722.jpeg 1024w, https:\/\/pigyki.fr\/wp-content\/uploads\/2025\/10\/Jupiter_bayan_accordion-300x211.jpeg 300w, https:\/\/pigyki.fr\/wp-content\/uploads\/2025\/10\/Jupiter_bayan_accordion-768x541.jpeg 768w, https:\/\/pigyki.fr\/wp-content\/uploads\/2025\/10\/Jupiter_bayan_accordion-1536x1082.jpeg 1536w, https:\/\/pigyki.fr\/wp-content\/uploads\/2025\/10\/Jupiter_bayan_accordion-281x198.jpeg 281w, https:\/\/pigyki.fr\/wp-content\/uploads\/2025\/10\/Jupiter_bayan_accordion.jpeg 1737w\" sizes=\"auto, (max-width: 1024px) 100vw, 1024px\" \/><\/figure><div class=\"wp-block-media-text__content\">\n<p>El <a href=\"https:\/\/es.wikipedia.org\/wiki\/Bay%C3%A1n_(acorde%C3%B3n)\" target=\"_blank\" rel=\"noreferrer noopener\"><strong><em>bay\u00e1n<\/em><\/strong><\/a> es un tipo de acorde\u00f3n crom\u00e1tico de botones desarrollado en Rusia a principios del siglo XX y que recibe su nombre del bardo Boy\u00e1n, que vivi\u00f3 en el siglo XI.<\/p>\n<\/div><\/div>\n\n\n\n<hr class=\"wp-block-separator has-alpha-channel-opacity\"\/>\n\n\n\n<div style=\"height:10px\" aria-hidden=\"true\" id=\"sieben\" class=\"wp-block-spacer\"><\/div>\n\n\n\n<h5 class=\"wp-block-heading\"><em>Sieben Worte<\/em> (Las \u00faltimas siete palabras de Cristo), para violonchelo, bay\u00e1n y cuerdas (1982)<\/h5>\n\n\n\n<p>A partir de la d\u00e9cada de 1980, se afianzar\u00e1 cada vez m\u00e1s una simbolog\u00eda m\u00edstica, basada principalmente en la oposici\u00f3n entre la luz y la oscuridad (diatonismo <em>versus<\/em> cromatismo o microtonalidad), en el motivo de la cruz, tratado de forma musical (en particular mediante el uso de cromatismos invertidos de tipo BACH) y, en ocasiones, incluso gr\u00e1fica, como aqu\u00ed en <em><strong><a href=\"https:\/\/ressources.ircam.fr\/work\/seven-words\" target=\"_blank\" rel=\"noreferrer noopener\">Sieben Worte<\/a><\/strong><\/em>, para violonchelo, bay\u00e1n y cuerdas, donde tambi\u00e9n se observa una simbolog\u00eda instrumental de la Trinidad (violonchelo = Cristo, bay\u00e1n = Dios, orquesta de cuerdas = Esp\u00edritu Santo), as\u00ed como el primer recurso a la cita, a trav\u00e9s del pr\u00e9stamo de un coral de <a href=\"https:\/\/fr.wikipedia.org\/wiki\/Heinrich_Sch%C3%BCtz\"><strong><em>Sch\u00fctz<\/em><\/strong><\/a>.<\/p>\n\n\n\n<p>Extracto de \u00ab<a href=\"https:\/\/ressources.ircam.fr\/fr\/composer\/sofia-goubaidoulina\/workcourse\" target=\"_blank\" rel=\"noreferrer noopener\"><strong><em>Parcours de l&rsquo;\u0153uvre de Sofia Guba\u00efdulina<\/em><\/strong><\/a>\u00bb (Recorrido por la obra de Sofia Guba\u00efdulina) de <strong>Pierre Rigaudi\u00e8re<\/strong> &#8211; IRCAM.<\/p>\n\n\n\n<p>\u00ab<strong><em>Sieben Worte <\/em><\/strong>(Siete palabras), para violonchelo, bay\u00e1n y cuerdas, fue compuesta en 1982 y estrenada ese mismo a\u00f1o en Mosc\u00fa, con el violonchelista Vladimir Toncha y el acordeonista Friedrich Lips, a quien est\u00e1 dedicada la obra. La compositora reconoce su deuda con una larga tradici\u00f3n cultural, a la que contribuy\u00f3 Heinrich Sch\u00fctz en su <em>Die sieben Worte unseres lieben Erlb&rsquo;sers und Seeligmachers Jesu Christi so er am Stamm des heiligen Creutzes gesprochen<\/em> (Las siete \u00faltimas palabras de nuestro Redentor y Salvador Jesucristo pronunciadas en la Santa Cruz) y a la que Haydn tambi\u00e9n aport\u00f3 su contribuci\u00f3n. La base cristiana de la obra se ocult\u00f3 durante la primera representaci\u00f3n en Mosc\u00fa, pero resulta suficientemente clara, incluso sin el t\u00edtulo actual y la explicaci\u00f3n de la propia compositora. Sofia Gubaidulina explica que ninguna obra puramente instrumental puede expresar de forma natural el texto b\u00edblico. Se trata m\u00e1s bien de sonidos puramente instrumentales, de gestos metaf\u00f3ricos, y en este sentido, los dos instrumentos solistas, el bay\u00e1n y el violonchelo, as\u00ed como la orquesta de cuerda, proporcionaron un material abundante: pienso, por ejemplo, en los sonidos prolongados del violonchelo, atravesados por los glissandi de las cuerdas vecinas. En el bay\u00e1n, este cruce con la orquesta se realiza mediante la presi\u00f3n ejercida sobre las teclas vecinas. En la orquesta de cuerda, es posible pasar por glissando del un\u00edsono a texturas de varias octavas, y luego volver al un\u00edsono (la figura de la Cruz). Cuando el arco del violonchelo pasa por detr\u00e1s del puente, es como entrar en otro mundo. Estas met\u00e1foras instrumentales constituyen la base tem\u00e1tica de la obra, que se desarrolla en seis movimientos con una tensi\u00f3n creciente. Al final del sexto movimiento (<em>Todo est\u00e1 cumplido<\/em>), la tensi\u00f3n se rompe: el arco toca sobre el puente y, en el s\u00e9ptimo movimiento, el arco atraviesa el puente y los l\u00edmites del instrumento. Este material tem\u00e1tico b\u00e1sico para los instrumentos solistas contrasta con la m\u00fasica para orquesta de cuerda, cuyo car\u00e1cter recuerda la escritura coral. A estos dos esquemas tem\u00e1ticos se a\u00f1ade la triple repetici\u00f3n de una cita de cinco compases tomada de la obra de Heinrich Sch\u00fctz, la melod\u00eda del grito \u00ab<em>Tengo sed<\/em>\u00bb. Esta figura tiene una funci\u00f3n estructural esencial.<\/p>\n\n\n\n<p>La obra consta de siete movimientos:<\/p>\n\n\n\n<p><a href=\"https:\/\/www.youtube.com\/watch?v=uAMboPrZ4jM\" target=\"_blank\" rel=\"noreferrer noopener\">0:00<\/a> I. Padre, perd\u00f3nalos, porque no saben lo que hacen.<br><a href=\"https:\/\/www.youtube.com\/watch?v=uAMboPrZ4jM&amp;t=274s\" target=\"_blank\" rel=\"noreferrer noopener\">4:34<\/a> II. Mujer, \u00a1aqu\u00ed tienes a tu hijo! &#8211; \u00a1Aqu\u00ed tienes a tu madre!<br><a href=\"https:\/\/www.youtube.com\/watch?v=uAMboPrZ4jM&amp;t=527s\" target=\"_blank\" rel=\"noreferrer noopener\">8:47<\/a> III. En verdad te digo que hoy estar\u00e1s conmigo en el para\u00edso.<br><a href=\"https:\/\/www.youtube.com\/watch?v=uAMboPrZ4jM&amp;t=758s\" target=\"_blank\" rel=\"noreferrer noopener\">12:38<\/a> IV. Dios m\u00edo, Dios m\u00edo, \u00bfpor qu\u00e9 me has abandonado?<br><a href=\"https:\/\/www.youtube.com\/watch?v=uAMboPrZ4jM&amp;t=1310s\" target=\"_blank\" rel=\"noreferrer noopener\">21:50<\/a> V. Tengo sed.<br><a href=\"https:\/\/www.youtube.com\/watch?v=uAMboPrZ4jM&amp;t=1603s\" target=\"_blank\" rel=\"noreferrer noopener\">26:43<\/a> VI. Todo est\u00e1 consumado.<br><a href=\"https:\/\/www.youtube.com\/watch?v=uAMboPrZ4jM&amp;t=1771s\" target=\"_blank\" rel=\"noreferrer noopener\">29:31<\/a> VII. Padre, en tus manos encomiendo mi esp\u00edritu.<\/p>\n\n\n\n<p>Versi\u00f3n completa por Maria Kliegel, violonchelo &#8211; Elsbeth Moser, bay\u00e1n &#8211; Camerata Transsylvanica, dir. Gy\u00f6rgy Selmeczi<\/p>\n\n\n\n<figure class=\"wp-block-audio\"><audio controls src=\"https:\/\/pigyki.fr\/wp-content\/uploads\/2025\/10\/Sofia-Gubaidulina-Sieben-Worte-1982-for-cello-bayan-and-strings.mp3\"><\/audio><\/figure>\n\n\n\n<hr class=\"wp-block-separator has-alpha-channel-opacity\"\/>\n\n\n\n<div style=\"height:10px\" aria-hidden=\"true\" id=\"tempus\" class=\"wp-block-spacer\"><\/div>\n\n\n\n<h5 class=\"wp-block-heading\"><strong><em>In tempus praesens<\/em><\/strong> \/ Por el tiempo presente &#8211; Concierto para viol\u00edn y orquesta (2007)<\/h5>\n\n\n\n<blockquote class=\"wp-block-quote is-layout-flow wp-block-quote-is-layout-flow\">\n<p>Como muchos creadores del siglo XX, el problema del tiempo me preocupa enormemente. Me interesa c\u00f3mo cambia el tiempo en funci\u00f3n de las condiciones psicol\u00f3gicas cambiantes del ser humano, c\u00f3mo transcurre en la naturaleza, en el mundo, en la sociedad, en los sue\u00f1os, en el arte.<\/p>\n\n\n\n<p>El arte se sit\u00faa siempre entre el sue\u00f1o y la realidad, entre la sabidur\u00eda y la locura, entre la est\u00e1tica y la din\u00e1mica de todo lo que existe.<\/p>\n\n\n\n<p>En la vida cotidiana, nunca tenemos un tiempo presente, solo la transici\u00f3n perpetua del pasado al futuro.<\/p>\n\n\n\n<p>Y solo en el sue\u00f1o, en la experiencia religiosa y en el arte podemos experimentar un tiempo presente duradero.<\/p>\n\n\n\n<p>Creo que la forma musical cumple precisamente esta funci\u00f3n: a lo largo de su desarrollo, sufre numerosos acontecimientos. Algunos de ellos resultan ser los m\u00e1s importantes. (Los llamo los nudos arquitect\u00f3nicos de la forma). Y pueden formar una especie de forma generalizada, la forma de una pir\u00e1mide, por ejemplo. (El episodio del sacrificio ritual se encuentra en la cima de la pir\u00e1mide de \u00abIn tempus praesens\u00bb). La experiencia integral de esta forma piramidal produce un tiempo presente duradero.<\/p>\n\n\n\n<p class=\"has-text-align-right\">Sofia Guba\u00efdulina<\/p>\n<\/blockquote>\n\n\n\n<hr class=\"wp-block-separator has-alpha-channel-opacity\"\/>\n\n\n\n<div style=\"height:10px\" aria-hidden=\"true\" id=\"biographie\" class=\"wp-block-spacer\"><\/div>\n\n\n\n<h5 class=\"wp-block-heading\"><em>Biograf\u00eda<\/em><\/h5>\n\n\n\n<p>Para los lectores que deseen profundizar en la trayectoria biogr\u00e1fica de la compositora, aqu\u00ed tienen un texto de referencia firmado por <strong><em>Gerard McBurney<\/em><\/strong>.<\/p>\n\n\n\n<p>Sofia Asgatovna Guba\u00efdulina naci\u00f3 el 24 de octubre de 1931 en Tchistopol, en la Rep\u00fablica Aut\u00f3noma de Tartarist\u00e1n. Su padre, ingeniero de minas t\u00e1rtaro, y su madre, maestra de escuela rusa de origen jud\u00edo polaco, son un ejemplo de asimilaci\u00f3n al estilo sovi\u00e9tico, pero tambi\u00e9n son t\u00edpicos del crisol multicultural que constituye la capital, Kaz\u00e1n, donde la familia se instal\u00f3 al a\u00f1o siguiente de su nacimiento. Este lugar, a la vez encrucijada y centro, con un rico pasado universitario, atra\u00eda entonces a numerosos intelectuales. Gubaidulina, cuyo abuelo paterno era un mul\u00e1, dir\u00e1 m\u00e1s tarde: \u00abSoy el lugar donde Oriente se encuentra con Occidente\u00bb. Un icono, descubierto a los cinco a\u00f1os durante unas vacaciones en el pueblo de Nizhni Uslon, a orillas del Volga, le parece una revelaci\u00f3n de su propia conciencia religiosa. Durante una infancia en Kaz\u00e1n descrita como particularmente aburrida, la m\u00fasica que practica en el piano que le regalaron sus padres es un refugio. Sin embargo, pronto siente una distancia entre lo que aspira y lo que le impone el entorno escolar, por lo que desarrolla un marcado gusto por la improvisaci\u00f3n y la exploraci\u00f3n del potencial del piano, en particular el juego con las cuerdas. Estudi\u00f3 en la Academia de M\u00fasica (1946-1949) y luego en el Conservatorio de Kaz\u00e1n (1949-1954), mientras que su actividad creativa comenz\u00f3 a principios de la d\u00e9cada de 1950.<\/p>\n\n\n\n<p>Adem\u00e1s de una s\u00f3lida formaci\u00f3n en piano, durante la cual uno de sus profesores, Leopold Lukomski, le descubre la m\u00fasica de Denisov, Gubaidulina estudia composici\u00f3n con Albert Leman. Pero son los estudios de composici\u00f3n en Mosc\u00fa a partir de 1954 los que le proporcionan a Gubaidulina una verdadera apertura musical, en una \u00e9poca en la que todo lo que viene de Occidente est\u00e1 prohibido. Nikol\u00e1i Peiko, asistente de <a href=\"https:\/\/ressources.ircam.fr\/composer\/dimitri-chostakovitch\/biography\" target=\"_blank\" rel=\"noreferrer noopener\"><a href=\"https:\/\/pigyki.fr\/index.php\/es\/2023\/04\/14\/escucha-musical-n6\/\" target=\"_blank\" rel=\"noreferrer noopener\"><strong><em>Shostakovich<\/em><\/strong><\/a><\/a>, la inicia en Mahler, <a href=\"https:\/\/pigyki.fr\/index.php\/es\/2023\/10\/16\/escucha-musical-n25\/\" target=\"_blank\" rel=\"noreferrer noopener\"><strong><em>Schoenberg<\/em><\/strong><\/a> y <a href=\"https:\/\/pigyki.fr\/index.php\/es\/2024\/08\/16\/escucha-musical-n43\/\" target=\"_blank\" rel=\"noreferrer noopener\"><strong><em>Stravinski<\/em><\/strong><\/a>. Ya entonces mostraba una tendencia a desviarse del recto camino est\u00e9tico jdanoviano \u2014apenas flexibilizado por el t\u00edmido proceso de desestalinizaci\u00f3n iniciado en 1953\u2014, tendencia que Shostak\u00f3vich alent\u00f3 discretamente con motivo de un examen de fin de ciclo. Durante su <em>Aspirantur<\/em> bajo la supervisi\u00f3n de Vissarion Chebaline (1959-1962), se dedica a experimentar con el material folcl\u00f3rico t\u00e1rtaro y la m\u00fasica electr\u00f3nica. Se interesa por el sintetizador optoelectr\u00f3nico ANS de Yevgeny Murzin, instrumento con el que realiza una pieza electr\u00f3nica en 1970. En la d\u00e9cada de 1960, Philipp Herschkowitz, un jud\u00edo rumano que hab\u00eda estudiado con <a href=\"https:\/\/pigyki.fr\/index.php\/es\/2023\/11\/03\/ecoute-musicale-n26-2\/\" target=\"_blank\" rel=\"noreferrer noopener\"><strong><em>Webern<\/em><\/strong><\/a>, desempe\u00f1\u00f3 un importante papel de transmisor, gracias a su ense\u00f1anza clandestina en Mosc\u00fa, cuya influencia en Gubaidulina es evidente, aunque esta \u00faltima nunca aplic\u00f3 con rigor una combinatoria serial.<\/p>\n\n\n\n<p>En un contexto pol\u00edtico en el que las nuevas obras musicales deben ser validadas por la poderosa Uni\u00f3n de Compositores, cualquier atrevimiento innovador expone a los compositores a un bloqueo. La actividad que Guba\u00efdulina comienza a desarrollar en el \u00e1mbito de la m\u00fasica para pel\u00edculas a partir de 1964 (esencialmente pel\u00edculas de animaci\u00f3n en un primer momento) le asegura unos ingresos en un momento en que su m\u00fasica, al igual que la de sus colegas <a href=\"https:\/\/es.wikipedia.org\/wiki\/Alfred_Schnittke\" target=\"_blank\" rel=\"noreferrer noopener\">Alfred Schnittke<\/a>, Edison Denisov, Viktor Suslin y <a href=\"https:\/\/ressources.ircam.fr\/composer\/viatcheslav-artiomov\/biography\">Viatcheslav Artiomov<\/a>, entre otros, est\u00e1 oficialmente prohibida para su ejecuci\u00f3n p\u00fablica a principios de la d\u00e9cada de 1970. En 1975, el grupo de improvisaci\u00f3n Astreia, fundado con Artiomov y Suslin, le permiti\u00f3, hasta 1981 \u2014cuando la emigraci\u00f3n de Suslin puso fin provisionalmente a las actividades del grupo\u2014, una pr\u00e1ctica musical libre que compensaba en parte la frustraci\u00f3n de tener que componer en la clandestinidad. En esa misma \u00e9poca, la KGB la acos\u00f3 por las actividades de edici\u00f3n clandestina de su segundo marido, Nicolas (Nikol\u00e1i) Bokov. Cuando su obra comenz\u00f3 a interpretarse en el extranjero en la d\u00e9cada de 1970, en 1979 su nombre fue incluido en una lista negra de la Uni\u00f3n de Compositores. La creaci\u00f3n en Viena en 1981 de su concierto para viol\u00edn <a href=\"https:\/\/ressources.ircam.fr\/work\/offertorium\"><em>Offertorium<\/em><\/a> por Gidon Kremer marca el comienzo de su reconocimiento internacional. La compositora viaj\u00f3 fuera de la URSS por primera vez en 1984, con motivo de un festival en Finlandia. Cuando en 1986 se levantaron las restricciones para salir del pa\u00eds, pudo asistir cada vez con m\u00e1s frecuencia a la creaci\u00f3n de sus obras en los pa\u00edses occidentales. Entonces recibi\u00f3 un n\u00famero creciente de premios y distinciones honor\u00edficas. En el verano de 1992, emigr\u00f3 a Alemania y se instal\u00f3 en Appen, cerca de Hamburgo, donde residi\u00f3 hasta el final de su vida.<\/p>\n\n\n\n<hr class=\"wp-block-separator has-alpha-channel-opacity\"\/>\n\n\n\n<h4 class=\"wp-block-heading\">\u00a1Sorpresa!<\/h4>\n\n\n\n<p>Hab\u00e9is podido leer que Sofia Guba\u00efdulina compuso gran cantidad de m\u00fasica para pel\u00edculas, principalmente de animaci\u00f3n, con la doble ventaja de poder ganarse la vida y no ser censurada por la Uni\u00f3n de Compositores Sovi\u00e9ticos, que no se interesaba por este g\u00e9nero musical.<\/p>\n\n\n\n<p>Se trata de la primera adaptaci\u00f3n cinematogr\u00e1fica de la obra de <a href=\"https:\/\/es.wikipedia.org\/wiki\/Rudyard_Kipling\" target=\"_blank\" rel=\"noreferrer noopener\">Rudyard Kipling<\/a>, estrenada el 1 de enero de 1967. Resulta un contraste interesante con El libro de la selva de Disney, ya que es m\u00e1s fiel al contenido \u00e9pico y primitivo de la obra original de Kipling. La adaptaci\u00f3n de Soyuzmultfilm result\u00f3 m\u00e1s adulta y, en esp\u00edritu, m\u00e1s cercana al libro de Kipling. Hay escenas de combates masivos y duelos, se muestra sangre y muerte, hay una atm\u00f3sfera tensa y suspense. Se abordan temas como la vida y la muerte, la deuda y los sentimientos, el hero\u00edsmo del guerrero y la esencia humana:<\/p>\n\n\n\n<p>Dos episodios terminan con im\u00e1genes de muerte, la danza de Kaa (la serpiente boa) y el canto de Akela (el l\u00edder de la manada de lobos). Kaa es la encarnaci\u00f3n del poder absoluto, sin prisas y al mismo tiempo inevitable. Al morir en el final del cuarto episodio, Akela encarna el arquetipo del guerrero que se enfrenta con dignidad a la muerte en combate y parte hacia los campos de la caza feliz&#8230; En otras palabras, los autores nos dicen que la infancia termina cuando descubrimos que la muerte existe, y la juventud, cuando muere un ser querido. Si se quiere, es cuando te das cuenta de que t\u00fa mismo vas a morir&#8230;<\/p>\n\n\n\n<p><strong><em>Sergey Kuznetsov<\/em><\/strong>, <em>Iskusstvo Kino<\/em>.<\/p>\n\n\n\n<p><em>(Extracto de Wikipedia)<\/em><\/p>\n\n\n\n<p>Voici donc un petit cadeau pour les enfants (petits et grands !) : les 9 derni\u00e8res minutes de <strong><em><a href=\"https:\/\/en.wikipedia.org\/wiki\/Adventures_of_Mowgli\" target=\"_blank\" rel=\"noreferrer noopener\">Mowgli<\/a><\/em><\/strong> (1973). J&rsquo;ai choisi la fin dans laquelle il y a peu de dialogue (en russe) et beaucoup de musique !<\/p>\n\n\n\n<figure class=\"wp-block-embed is-type-video is-provider-youtube wp-block-embed-youtube wp-embed-aspect-4-3 wp-has-aspect-ratio\"><div class=\"wp-block-embed__wrapper\">\n<iframe loading=\"lazy\" title=\"Maugli 1973 HDRip  scarabey org\" width=\"760\" height=\"570\" src=\"https:\/\/www.youtube.com\/embed\/wnPuhO4ps1E?start=5201&#038;feature=oembed\" frameborder=\"0\" allow=\"accelerometer; autoplay; clipboard-write; encrypted-media; gyroscope; picture-in-picture; web-share\" referrerpolicy=\"strict-origin-when-cross-origin\" allowfullscreen><\/iframe>\n<\/div><\/figure>\n\n\n\n<div style=\"height:10px\" aria-hidden=\"true\" class=\"wp-block-spacer\"><\/div>\n\n\n\n<p>A\u00f1ado que muchas personas se muestran reticentes, incluso al\u00e9rgicas, a la m\u00fasica contempor\u00e1nea, a pesar de que est\u00e1 pr\u00e1cticamente omnipresente en las pel\u00edculas y las series&#8230; \u00bfQuiz\u00e1s le presten m\u00e1s atenci\u00f3n?<\/p>\n\n\n\n<hr class=\"wp-block-separator has-alpha-channel-opacity\"\/>\n","protected":false},"excerpt":{"rendered":"<p>Compositora rusa de origen t\u00e1rtaro, figura destacada de la m\u00fasica espiritual contempor\u00e1nea.<br \/>\nDescubierta gracias a Offertorium (1980), busc\u00f3 durante toda su vida unir el sonido y la fe interior.<br \/>\nAfincada en Alemania desde 1992, falleci\u00f3 en 2025, dejando tras de s\u00ed una obra visionaria y m\u00edstica.<\/p>\n","protected":false},"author":1,"featured_media":7098,"comment_status":"open","ping_status":"closed","sticky":false,"template":"","format":"standard","meta":{"rop_custom_images_group":[],"rop_custom_messages_group":[],"rop_publish_now":"yes","rop_publish_now_accounts":[],"rop_publish_now_history":[],"rop_publish_now_status":"pending","footnotes":""},"categories":[109,8],"tags":[],"class_list":["post-7233","post","type-post","status-publish","format-standard","has-post-thumbnail","hentry","category-escuchas","category-ecoutes-es"],"yoast_head":"<!-- This site is optimized with the Yoast SEO plugin v27.4 - https:\/\/yoast.com\/product\/yoast-seo-wordpress\/ -->\n<title>Escucha musical n\u00b073  Sofia Guba\u00efdulina - Pigyki<\/title>\n<meta name=\"description\" content=\"Sofia Guba\u00efdulina, figura destacada de la m\u00fasica espiritual contempor\u00e1nea, ha buscado toda su vida unir el sonido y la fe interior.\" \/>\n<meta name=\"robots\" content=\"index, follow, max-snippet:-1, max-image-preview:large, max-video-preview:-1\" \/>\n<link rel=\"canonical\" href=\"https:\/\/pigyki.fr\/index.php\/es\/2025\/10\/19\/escucha-musical-n73-sofia-gubaidulina\/\" \/>\n<meta property=\"og:locale\" content=\"fr_FR\" \/>\n<meta property=\"og:type\" content=\"article\" \/>\n<meta property=\"og:title\" content=\"Escucha musical n\u00b073  Sofia Guba\u00efdulina - Pigyki\" \/>\n<meta property=\"og:description\" content=\"Sofia Guba\u00efdulina, figura destacada de la m\u00fasica espiritual contempor\u00e1nea, ha buscado toda su vida unir el sonido y la fe interior.\" \/>\n<meta property=\"og:url\" content=\"https:\/\/pigyki.fr\/index.php\/es\/2025\/10\/19\/escucha-musical-n73-sofia-gubaidulina\/\" \/>\n<meta property=\"og:site_name\" content=\"Pigyki\" \/>\n<meta property=\"article:published_time\" content=\"2025-10-19T15:40:11+00:00\" \/>\n<meta property=\"article:modified_time\" content=\"2025-10-19T15:46:28+00:00\" \/>\n<meta property=\"og:image\" content=\"https:\/\/pigyki.fr\/wp-content\/uploads\/2025\/10\/image.png\" \/>\n\t<meta property=\"og:image:width\" content=\"278\" \/>\n\t<meta property=\"og:image:height\" content=\"181\" \/>\n\t<meta property=\"og:image:type\" content=\"image\/png\" \/>\n<meta name=\"author\" content=\"Pigyki\" \/>\n<meta name=\"twitter:card\" content=\"summary_large_image\" \/>\n<meta name=\"twitter:label1\" content=\"\u00c9crit par\" \/>\n\t<meta name=\"twitter:data1\" content=\"Pigyki\" \/>\n\t<meta name=\"twitter:label2\" content=\"Dur\u00e9e de lecture estim\u00e9e\" \/>\n\t<meta name=\"twitter:data2\" content=\"18 minutes\" \/>\n<script type=\"application\/ld+json\" class=\"yoast-schema-graph\">{\"@context\":\"https:\\\/\\\/schema.org\",\"@graph\":[{\"@type\":\"Article\",\"@id\":\"https:\\\/\\\/pigyki.fr\\\/index.php\\\/es\\\/2025\\\/10\\\/19\\\/escucha-musical-n73-sofia-gubaidulina\\\/#article\",\"isPartOf\":{\"@id\":\"https:\\\/\\\/pigyki.fr\\\/index.php\\\/es\\\/2025\\\/10\\\/19\\\/escucha-musical-n73-sofia-gubaidulina\\\/\"},\"author\":{\"name\":\"Pigyki\",\"@id\":\"https:\\\/\\\/pigyki.fr\\\/#\\\/schema\\\/person\\\/69b76bc8a17bddaf3ffd40d3cc9a4161\"},\"headline\":\"Escucha musical n\u00b073 Sofia Guba\u00efdulina\",\"datePublished\":\"2025-10-19T15:40:11+00:00\",\"dateModified\":\"2025-10-19T15:46:28+00:00\",\"mainEntityOfPage\":{\"@id\":\"https:\\\/\\\/pigyki.fr\\\/index.php\\\/es\\\/2025\\\/10\\\/19\\\/escucha-musical-n73-sofia-gubaidulina\\\/\"},\"wordCount\":3937,\"commentCount\":0,\"publisher\":{\"@id\":\"https:\\\/\\\/pigyki.fr\\\/#\\\/schema\\\/person\\\/69b76bc8a17bddaf3ffd40d3cc9a4161\"},\"image\":{\"@id\":\"https:\\\/\\\/pigyki.fr\\\/index.php\\\/es\\\/2025\\\/10\\\/19\\\/escucha-musical-n73-sofia-gubaidulina\\\/#primaryimage\"},\"thumbnailUrl\":\"https:\\\/\\\/pigyki.fr\\\/wp-content\\\/uploads\\\/2025\\\/10\\\/image.png\",\"articleSection\":[\"Escuchas\",\"Todas las escuchas publicadas\"],\"inLanguage\":\"fr-FR\",\"potentialAction\":[{\"@type\":\"CommentAction\",\"name\":\"Comment\",\"target\":[\"https:\\\/\\\/pigyki.fr\\\/index.php\\\/es\\\/2025\\\/10\\\/19\\\/escucha-musical-n73-sofia-gubaidulina\\\/#respond\"]}]},{\"@type\":\"WebPage\",\"@id\":\"https:\\\/\\\/pigyki.fr\\\/index.php\\\/es\\\/2025\\\/10\\\/19\\\/escucha-musical-n73-sofia-gubaidulina\\\/\",\"url\":\"https:\\\/\\\/pigyki.fr\\\/index.php\\\/es\\\/2025\\\/10\\\/19\\\/escucha-musical-n73-sofia-gubaidulina\\\/\",\"name\":\"Escucha musical n\u00b073 Sofia Guba\u00efdulina - Pigyki\",\"isPartOf\":{\"@id\":\"https:\\\/\\\/pigyki.fr\\\/#website\"},\"primaryImageOfPage\":{\"@id\":\"https:\\\/\\\/pigyki.fr\\\/index.php\\\/es\\\/2025\\\/10\\\/19\\\/escucha-musical-n73-sofia-gubaidulina\\\/#primaryimage\"},\"image\":{\"@id\":\"https:\\\/\\\/pigyki.fr\\\/index.php\\\/es\\\/2025\\\/10\\\/19\\\/escucha-musical-n73-sofia-gubaidulina\\\/#primaryimage\"},\"thumbnailUrl\":\"https:\\\/\\\/pigyki.fr\\\/wp-content\\\/uploads\\\/2025\\\/10\\\/image.png\",\"datePublished\":\"2025-10-19T15:40:11+00:00\",\"dateModified\":\"2025-10-19T15:46:28+00:00\",\"description\":\"Sofia Guba\u00efdulina, figura destacada de la m\u00fasica espiritual contempor\u00e1nea, ha buscado toda su vida unir el sonido y la fe interior.\",\"breadcrumb\":{\"@id\":\"https:\\\/\\\/pigyki.fr\\\/index.php\\\/es\\\/2025\\\/10\\\/19\\\/escucha-musical-n73-sofia-gubaidulina\\\/#breadcrumb\"},\"inLanguage\":\"fr-FR\",\"potentialAction\":[{\"@type\":\"ReadAction\",\"target\":[\"https:\\\/\\\/pigyki.fr\\\/index.php\\\/es\\\/2025\\\/10\\\/19\\\/escucha-musical-n73-sofia-gubaidulina\\\/\"]}]},{\"@type\":\"ImageObject\",\"inLanguage\":\"fr-FR\",\"@id\":\"https:\\\/\\\/pigyki.fr\\\/index.php\\\/es\\\/2025\\\/10\\\/19\\\/escucha-musical-n73-sofia-gubaidulina\\\/#primaryimage\",\"url\":\"https:\\\/\\\/pigyki.fr\\\/wp-content\\\/uploads\\\/2025\\\/10\\\/image.png\",\"contentUrl\":\"https:\\\/\\\/pigyki.fr\\\/wp-content\\\/uploads\\\/2025\\\/10\\\/image.png\",\"width\":278,\"height\":181,\"caption\":\"Sofia Guba\u00efdulina\"},{\"@type\":\"BreadcrumbList\",\"@id\":\"https:\\\/\\\/pigyki.fr\\\/index.php\\\/es\\\/2025\\\/10\\\/19\\\/escucha-musical-n73-sofia-gubaidulina\\\/#breadcrumb\",\"itemListElement\":[{\"@type\":\"ListItem\",\"position\":1,\"name\":\"Accueil\",\"item\":\"https:\\\/\\\/pigyki.fr\\\/\"},{\"@type\":\"ListItem\",\"position\":2,\"name\":\"Escucha musical n\u00b073 Sofia Guba\u00efdulina\"}]},{\"@type\":\"WebSite\",\"@id\":\"https:\\\/\\\/pigyki.fr\\\/#website\",\"url\":\"https:\\\/\\\/pigyki.fr\\\/\",\"name\":\"Pigyki\",\"description\":\"C.L. al fine\",\"publisher\":{\"@id\":\"https:\\\/\\\/pigyki.fr\\\/#\\\/schema\\\/person\\\/69b76bc8a17bddaf3ffd40d3cc9a4161\"},\"potentialAction\":[{\"@type\":\"SearchAction\",\"target\":{\"@type\":\"EntryPoint\",\"urlTemplate\":\"https:\\\/\\\/pigyki.fr\\\/?s={search_term_string}\"},\"query-input\":{\"@type\":\"PropertyValueSpecification\",\"valueRequired\":true,\"valueName\":\"search_term_string\"}}],\"inLanguage\":\"fr-FR\"},{\"@type\":[\"Person\",\"Organization\"],\"@id\":\"https:\\\/\\\/pigyki.fr\\\/#\\\/schema\\\/person\\\/69b76bc8a17bddaf3ffd40d3cc9a4161\",\"name\":\"Pigyki\",\"image\":{\"@type\":\"ImageObject\",\"inLanguage\":\"fr-FR\",\"@id\":\"https:\\\/\\\/pigyki.fr\\\/wp-content\\\/uploads\\\/2023\\\/06\\\/Logo-CL.jpg\",\"url\":\"https:\\\/\\\/pigyki.fr\\\/wp-content\\\/uploads\\\/2023\\\/06\\\/Logo-CL.jpg\",\"contentUrl\":\"https:\\\/\\\/pigyki.fr\\\/wp-content\\\/uploads\\\/2023\\\/06\\\/Logo-CL.jpg\",\"width\":524,\"height\":586,\"caption\":\"Pigyki\"},\"logo\":{\"@id\":\"https:\\\/\\\/pigyki.fr\\\/wp-content\\\/uploads\\\/2023\\\/06\\\/Logo-CL.jpg\"},\"sameAs\":[\"http:\\\/\\\/pigyki.fr\"],\"url\":\"https:\\\/\\\/pigyki.fr\\\/index.php\\\/author\\\/admin4451\\\/\"}]}<\/script>\n<!-- \/ Yoast SEO plugin. -->","yoast_head_json":{"title":"Escucha musical n\u00b073  Sofia Guba\u00efdulina - Pigyki","description":"Sofia Guba\u00efdulina, figura destacada de la m\u00fasica espiritual contempor\u00e1nea, ha buscado toda su vida unir el sonido y la fe interior.","robots":{"index":"index","follow":"follow","max-snippet":"max-snippet:-1","max-image-preview":"max-image-preview:large","max-video-preview":"max-video-preview:-1"},"canonical":"https:\/\/pigyki.fr\/index.php\/es\/2025\/10\/19\/escucha-musical-n73-sofia-gubaidulina\/","og_locale":"fr_FR","og_type":"article","og_title":"Escucha musical n\u00b073  Sofia Guba\u00efdulina - Pigyki","og_description":"Sofia Guba\u00efdulina, figura destacada de la m\u00fasica espiritual contempor\u00e1nea, ha buscado toda su vida unir el sonido y la fe interior.","og_url":"https:\/\/pigyki.fr\/index.php\/es\/2025\/10\/19\/escucha-musical-n73-sofia-gubaidulina\/","og_site_name":"Pigyki","article_published_time":"2025-10-19T15:40:11+00:00","article_modified_time":"2025-10-19T15:46:28+00:00","og_image":[{"width":278,"height":181,"url":"https:\/\/pigyki.fr\/wp-content\/uploads\/2025\/10\/image.png","type":"image\/png"}],"author":"Pigyki","twitter_card":"summary_large_image","twitter_misc":{"\u00c9crit par":"Pigyki","Dur\u00e9e de lecture estim\u00e9e":"18 minutes"},"schema":{"@context":"https:\/\/schema.org","@graph":[{"@type":"Article","@id":"https:\/\/pigyki.fr\/index.php\/es\/2025\/10\/19\/escucha-musical-n73-sofia-gubaidulina\/#article","isPartOf":{"@id":"https:\/\/pigyki.fr\/index.php\/es\/2025\/10\/19\/escucha-musical-n73-sofia-gubaidulina\/"},"author":{"name":"Pigyki","@id":"https:\/\/pigyki.fr\/#\/schema\/person\/69b76bc8a17bddaf3ffd40d3cc9a4161"},"headline":"Escucha musical n\u00b073 Sofia Guba\u00efdulina","datePublished":"2025-10-19T15:40:11+00:00","dateModified":"2025-10-19T15:46:28+00:00","mainEntityOfPage":{"@id":"https:\/\/pigyki.fr\/index.php\/es\/2025\/10\/19\/escucha-musical-n73-sofia-gubaidulina\/"},"wordCount":3937,"commentCount":0,"publisher":{"@id":"https:\/\/pigyki.fr\/#\/schema\/person\/69b76bc8a17bddaf3ffd40d3cc9a4161"},"image":{"@id":"https:\/\/pigyki.fr\/index.php\/es\/2025\/10\/19\/escucha-musical-n73-sofia-gubaidulina\/#primaryimage"},"thumbnailUrl":"https:\/\/pigyki.fr\/wp-content\/uploads\/2025\/10\/image.png","articleSection":["Escuchas","Todas las escuchas publicadas"],"inLanguage":"fr-FR","potentialAction":[{"@type":"CommentAction","name":"Comment","target":["https:\/\/pigyki.fr\/index.php\/es\/2025\/10\/19\/escucha-musical-n73-sofia-gubaidulina\/#respond"]}]},{"@type":"WebPage","@id":"https:\/\/pigyki.fr\/index.php\/es\/2025\/10\/19\/escucha-musical-n73-sofia-gubaidulina\/","url":"https:\/\/pigyki.fr\/index.php\/es\/2025\/10\/19\/escucha-musical-n73-sofia-gubaidulina\/","name":"Escucha musical n\u00b073 Sofia Guba\u00efdulina - Pigyki","isPartOf":{"@id":"https:\/\/pigyki.fr\/#website"},"primaryImageOfPage":{"@id":"https:\/\/pigyki.fr\/index.php\/es\/2025\/10\/19\/escucha-musical-n73-sofia-gubaidulina\/#primaryimage"},"image":{"@id":"https:\/\/pigyki.fr\/index.php\/es\/2025\/10\/19\/escucha-musical-n73-sofia-gubaidulina\/#primaryimage"},"thumbnailUrl":"https:\/\/pigyki.fr\/wp-content\/uploads\/2025\/10\/image.png","datePublished":"2025-10-19T15:40:11+00:00","dateModified":"2025-10-19T15:46:28+00:00","description":"Sofia Guba\u00efdulina, figura destacada de la m\u00fasica espiritual contempor\u00e1nea, ha buscado toda su vida unir el sonido y la fe interior.","breadcrumb":{"@id":"https:\/\/pigyki.fr\/index.php\/es\/2025\/10\/19\/escucha-musical-n73-sofia-gubaidulina\/#breadcrumb"},"inLanguage":"fr-FR","potentialAction":[{"@type":"ReadAction","target":["https:\/\/pigyki.fr\/index.php\/es\/2025\/10\/19\/escucha-musical-n73-sofia-gubaidulina\/"]}]},{"@type":"ImageObject","inLanguage":"fr-FR","@id":"https:\/\/pigyki.fr\/index.php\/es\/2025\/10\/19\/escucha-musical-n73-sofia-gubaidulina\/#primaryimage","url":"https:\/\/pigyki.fr\/wp-content\/uploads\/2025\/10\/image.png","contentUrl":"https:\/\/pigyki.fr\/wp-content\/uploads\/2025\/10\/image.png","width":278,"height":181,"caption":"Sofia Guba\u00efdulina"},{"@type":"BreadcrumbList","@id":"https:\/\/pigyki.fr\/index.php\/es\/2025\/10\/19\/escucha-musical-n73-sofia-gubaidulina\/#breadcrumb","itemListElement":[{"@type":"ListItem","position":1,"name":"Accueil","item":"https:\/\/pigyki.fr\/"},{"@type":"ListItem","position":2,"name":"Escucha musical n\u00b073 Sofia Guba\u00efdulina"}]},{"@type":"WebSite","@id":"https:\/\/pigyki.fr\/#website","url":"https:\/\/pigyki.fr\/","name":"Pigyki","description":"C.L. al fine","publisher":{"@id":"https:\/\/pigyki.fr\/#\/schema\/person\/69b76bc8a17bddaf3ffd40d3cc9a4161"},"potentialAction":[{"@type":"SearchAction","target":{"@type":"EntryPoint","urlTemplate":"https:\/\/pigyki.fr\/?s={search_term_string}"},"query-input":{"@type":"PropertyValueSpecification","valueRequired":true,"valueName":"search_term_string"}}],"inLanguage":"fr-FR"},{"@type":["Person","Organization"],"@id":"https:\/\/pigyki.fr\/#\/schema\/person\/69b76bc8a17bddaf3ffd40d3cc9a4161","name":"Pigyki","image":{"@type":"ImageObject","inLanguage":"fr-FR","@id":"https:\/\/pigyki.fr\/wp-content\/uploads\/2023\/06\/Logo-CL.jpg","url":"https:\/\/pigyki.fr\/wp-content\/uploads\/2023\/06\/Logo-CL.jpg","contentUrl":"https:\/\/pigyki.fr\/wp-content\/uploads\/2023\/06\/Logo-CL.jpg","width":524,"height":586,"caption":"Pigyki"},"logo":{"@id":"https:\/\/pigyki.fr\/wp-content\/uploads\/2023\/06\/Logo-CL.jpg"},"sameAs":["http:\/\/pigyki.fr"],"url":"https:\/\/pigyki.fr\/index.php\/author\/admin4451\/"}]}},"_links":{"self":[{"href":"https:\/\/pigyki.fr\/index.php\/wp-json\/wp\/v2\/posts\/7233","targetHints":{"allow":["GET"]}}],"collection":[{"href":"https:\/\/pigyki.fr\/index.php\/wp-json\/wp\/v2\/posts"}],"about":[{"href":"https:\/\/pigyki.fr\/index.php\/wp-json\/wp\/v2\/types\/post"}],"author":[{"embeddable":true,"href":"https:\/\/pigyki.fr\/index.php\/wp-json\/wp\/v2\/users\/1"}],"replies":[{"embeddable":true,"href":"https:\/\/pigyki.fr\/index.php\/wp-json\/wp\/v2\/comments?post=7233"}],"version-history":[{"count":8,"href":"https:\/\/pigyki.fr\/index.php\/wp-json\/wp\/v2\/posts\/7233\/revisions"}],"predecessor-version":[{"id":7253,"href":"https:\/\/pigyki.fr\/index.php\/wp-json\/wp\/v2\/posts\/7233\/revisions\/7253"}],"wp:featuredmedia":[{"embeddable":true,"href":"https:\/\/pigyki.fr\/index.php\/wp-json\/wp\/v2\/media\/7098"}],"wp:attachment":[{"href":"https:\/\/pigyki.fr\/index.php\/wp-json\/wp\/v2\/media?parent=7233"}],"wp:term":[{"taxonomy":"category","embeddable":true,"href":"https:\/\/pigyki.fr\/index.php\/wp-json\/wp\/v2\/categories?post=7233"},{"taxonomy":"post_tag","embeddable":true,"href":"https:\/\/pigyki.fr\/index.php\/wp-json\/wp\/v2\/tags?post=7233"}],"curies":[{"name":"wp","href":"https:\/\/api.w.org\/{rel}","templated":true}]}}