{"id":7096,"date":"2025-10-13T16:11:30","date_gmt":"2025-10-13T14:11:30","guid":{"rendered":"https:\/\/pigyki.fr\/?p=7096"},"modified":"2025-10-19T18:34:19","modified_gmt":"2025-10-19T16:34:19","slug":"ecoute-musicale-n73-sofia-gubaidulina","status":"publish","type":"post","link":"https:\/\/pigyki.fr\/index.php\/2025\/10\/13\/ecoute-musicale-n73-sofia-gubaidulina\/","title":{"rendered":"\u00c9coute musicale n\u00b073   Sofia Guba\u00efdulina"},"content":{"rendered":"\n<h1 class=\"wp-block-heading\">Sofia Guba\u00efdulina (1931-2025)<\/h1>\n\n\n\n<p>La compositrice russe \u0421\u043e\u0444\u0438\u044f \u0410\u0441\u0433\u0430\u0442\u043e\u0432\u043d\u0430 \u0413\u0443\u0431\u0430\u0439\u0434\u0443\u043b\u0438\u043d\u0430 \/ <strong><em><a href=\"https:\/\/fr.wikipedia.org\/wiki\/Sofia_Gouba%C3%AFdoulina\" target=\"_blank\" rel=\"noreferrer noopener\">Sofia Guba\u00efdulina<\/a><\/em><\/strong> na\u00eet en 1931 \u00e0 Chistopol, au c\u0153ur du Tatarstan, dans un paysage de plaines silencieuses et de vents mystiques. Fille d\u2019un ing\u00e9nieur tatar et d\u2019une m\u00e8re d\u2019origine polonaise, elle d\u00e9couvre tr\u00e8s t\u00f4t la musique comme un langage du dedans, une respiration de l\u2019\u00e2me.<\/p>\n\n\n\n<div class=\"wp-block-media-text is-stacked-on-mobile is-image-fill-element\"><figure class=\"wp-block-media-text__media\"><img loading=\"lazy\" decoding=\"async\" width=\"278\" height=\"181\" src=\"https:\/\/pigyki.fr\/wp-content\/uploads\/2025\/10\/image.png\" alt=\"\" class=\"wp-image-7098 size-full\" style=\"object-position:56% 49%\"\/><\/figure><div class=\"wp-block-media-text__content\">\n<p>Au Conservatoire de Moscou, <strong><em><a href=\"https:\/\/pigyki.fr\/index.php\/2023\/04\/14\/ecoute-musicale-n6-fr\/\" target=\"_blank\" rel=\"noreferrer noopener\">Chostakovitch<\/a><\/em><\/strong> (dont elle fut l&rsquo;assistante durant 5 ans de 1954 \u00e0 1959), l\u2019encourage \u00e0 \u00ab suivre sa mauvaise voie \u00bb \u2014 cette voie int\u00e9rieure, dangereuse, mais authentique (c&rsquo;est-\u00e0-dire \u00e0 l&rsquo;oppos\u00e9 des dictats de l&rsquo;Union des compositeurs Sovi\u00e9tiques).<\/p>\n\n\n\n<p>Sous le r\u00e9gime sovi\u00e9tique, sa musique est jug\u00e9e \u00ab irr\u00e9guli\u00e8re \u00bb, trop spirituelle, trop libre. Guba\u00efdulina persiste pourtant, cherchant dans le son une forme de pri\u00e8re. Le violoncelle, le bayan, le souffle, le silence deviennent ses instruments de foi.<\/p>\n<\/div><\/div>\n\n\n\n<div style=\"height:10px\" aria-hidden=\"true\" class=\"wp-block-spacer\"><\/div>\n\n\n\n<p>Son <em>Offertorium<\/em> (1980) marque sa r\u00e9v\u00e9lation : un concerto qui s\u2019ouvre comme une offrande, se dissout comme une ascension. Suivent <em>Seven Words<\/em>, <em>Stimmen\u2026 Verstummen\u2026<\/em>, <em>The Canticle of the Sun<\/em> \u2014 grandes m\u00e9ditations sur la lumi\u00e8re, la disparition, la pr\u00e9sence divine.<\/p>\n\n\n\n<p>Install\u00e9e en Allemagne depuis 1992, Guba\u00efdulina demeure une figure majeure de la musique du XX\u1d49 si\u00e8cle tardif, souvent compar\u00e9e \u00e0 <a href=\"https:\/\/pigyki.fr\/index.php\/2023\/06\/23\/ecoute-musicale-n16\/\" target=\"_blank\" rel=\"noreferrer noopener\">Messiaen<\/a> ou <a href=\"https:\/\/pigyki.fr\/index.php\/2025\/06\/28\/ecoute-musicale-n65-arvo-part\/\" target=\"_blank\" rel=\"noreferrer noopener\">Arvo P\u00e4rt<\/a> pour la dimension sacr\u00e9e de son \u0153uvre. Elle poursuit jusqu\u2019\u00e0 la fin une \u0153uvre faite d\u2019ombre et de clart\u00e9, de tension et d\u2019abandon. Elle s\u2019\u00e9teint en 2025, \u00e0 93 ans, laissant une musique qui ne cherche pas \u00e0 plaire, mais \u00e0 prier.<\/p>\n\n\n\n<p><strong><em><a href=\"#biographie\">Biographie *<\/a><\/em><\/strong> plus d\u00e9taill\u00e9e jusqu&rsquo;\u00e0 son arriv\u00e9e en Allemagne en 1992&#8230;<br>NB : les titres suivis d&rsquo;une ast\u00e9risque sont des liens pour \u00ab\u00a0<strong><em><a href=\"#plus\">* en savoir plus&#8230;<\/a><\/em><\/strong>\u00a0\u00bb au bas de cet article.<\/p>\n\n\n\n<hr class=\"wp-block-separator has-alpha-channel-opacity\"\/>\n\n\n\n<h4 class=\"wp-block-heading has-text-align-center\">Une s\u00e9lection de pi\u00e8ces courtes illustrant son \u00e9volution durant ses 4 grandes p\u00e9riodes de compositionnelles<\/h4>\n\n\n\n<figure class=\"wp-block-table is-style-regular\" style=\"font-size:15px\"><table><tbody><tr><td><strong>Formation et premi\u00e8res \u0153uvres<\/strong><\/td><td>1960\u20131979<\/td><td>Exp\u00e9rimentation, influence russe, premi\u00e8res recherches sur le timbre et la structure<\/td><td><em>Chaconne<\/em>, <em>Sonate pour piano<\/em>, <em>Musical Toys<\/em>, <em>Toccata-Troncata<\/em><br><audio src=\"https:\/\/pigyki.fr\/wp-content\/uploads\/2025\/10\/Sofia-Gubaidulina-Extraits-Piano.mp3\"><\/audio><\/td><td class=\"has-text-align-center\" data-align=\"center\"><strong><em><a href=\"https:\/\/pigyki.fr\/wp-content\/uploads\/2025\/10\/Sofia-Gubaidulina-Extraits-Piano.mp3\" target=\"_blank\" rel=\"noreferrer noopener\">Pi\u00e8ces pour piano solo *<\/a><\/em><\/strong> <br>1969-74<br><em>9&rsquo;15<\/em><br><audio src=\"https:\/\/pigyki.fr\/wp-content\/uploads\/2025\/10\/Sofia-Gubaidulina-Extraits-Piano.mp3\"><\/audio><audio src=\"https:\/\/pigyki.fr\/wp-content\/uploads\/2025\/10\/Sofia-Gubaidulina-Extraits-Piano.mp3\"><\/audio><\/td><\/tr><tr><td><strong>Affirmation et reconnaissance<\/strong><\/td><td>1980\u20131989<\/td><td>Spiritualit\u00e9 explicite, langage symbolique, reconnaissance internationale<\/td><td><em>Offertorium<\/em>, <em>Sieben Worte<\/em><\/td><td class=\"has-text-align-center\" data-align=\"center\"><strong><em><a href=\"https:\/\/pigyki.fr\/wp-content\/uploads\/2025\/10\/Sofia-Gubaidulina-Silenzio-I-II-III-Bayan-Violin-Cello.mp3\" target=\"_blank\" rel=\"noreferrer noopener\">Silenzio *<\/a><\/em><\/strong> <br>1991 &#8211; Extraits (I \/ III)<br><em>9&rsquo;30<\/em><\/td><\/tr><tr><td><strong>Maturit\u00e9 et approfondissement<\/strong><\/td><td>1990\u20132000<\/td><td>Exploration du silence, du temps, du mat\u00e9riau ; \u0153uvres de chambre et de foi<\/td><td><em>Silenzio<\/em>, <em>Sonnengesang<\/em>, <em>Dancer on a Tightrope<\/em><\/td><td class=\"has-text-align-center\" data-align=\"center\"><strong><em><a href=\"https:\/\/pigyki.fr\/wp-content\/uploads\/2025\/10\/Sofia-Gubaidoulina-Extraits-Cantiques-du-soleil.mp3\" target=\"_blank\" rel=\"noreferrer noopener\">Sonnengesang *<\/a><\/em><\/strong>\u00a0<br>1997 &#8211; Extrait<br><em>7&rsquo;40<\/em><\/td><\/tr><tr><td><strong>\u0152uvres tardives et grandes commandes<\/strong><\/td><td>2001\u20132025<\/td><td>Synth\u00e8se, transparence orchestrale, ampleur visionnaire<\/td><td><em>Mirage<\/em>, <em>The Light of the End<\/em>, <em>In tempus praesens<\/em>, <em>Triple Concerto<\/em><\/td><td class=\"has-text-align-center\" data-align=\"center\"><strong><em><a href=\"https:\/\/pigyki.fr\/wp-content\/uploads\/2025\/10\/Sofia-Gubaidulina-Extraits-de-The-lignt-of-the-end.mp3\" target=\"_blank\" rel=\"noreferrer noopener\">The Light of the End  \/ The Light at the End *<\/a><\/em><\/strong> (2003) &#8211; 2\u00e8me partie<br><em>11&rsquo;30<\/em><\/td><\/tr><\/tbody><\/table><\/figure>\n\n\n\n<hr class=\"wp-block-separator has-alpha-channel-opacity\"\/>\n\n\n\n<div class=\"wp-block-media-text has-media-on-the-right is-stacked-on-mobile\"><div class=\"wp-block-media-text__content\">\n<h3 class=\"wp-block-heading has-text-align-center\">1. Premi\u00e8res \u0153uvres<br><br>1960 \/ 1979<\/h3>\n<\/div><figure class=\"wp-block-media-text__media\"><img loading=\"lazy\" decoding=\"async\" width=\"649\" height=\"1024\" src=\"https:\/\/pigyki.fr\/wp-content\/uploads\/2025\/10\/image-2-649x1024.png\" alt=\"\" class=\"wp-image-7196 size-full\" srcset=\"https:\/\/pigyki.fr\/wp-content\/uploads\/2025\/10\/image-2-649x1024.png 649w, https:\/\/pigyki.fr\/wp-content\/uploads\/2025\/10\/image-2-190x300.png 190w, https:\/\/pigyki.fr\/wp-content\/uploads\/2025\/10\/image-2-768x1212.png 768w, https:\/\/pigyki.fr\/wp-content\/uploads\/2025\/10\/image-2.png 801w\" sizes=\"auto, (max-width: 649px) 100vw, 649px\" \/><\/figure><\/div>\n\n\n\n<h5 class=\"wp-block-heading\"><em>Chaconne<\/em> (1962)<\/h5>\n\n\n\n<p>\u0152uvre command\u00e9e par l\u2019une de ses camarades, la pianiste Marina Mdivani, laur\u00e9ate du Concours Long-Thibaud 1961.<\/p>\n\n\n\n<p><strong><em><a href=\"#Ricardo-Descalzo\">Ricardo Descalzo *<\/a><\/em><\/strong>, piano <\/p>\n\n\n\n<figure class=\"wp-block-audio\"><audio controls src=\"https:\/\/pigyki.fr\/wp-content\/uploads\/2025\/10\/Sofia-Gubaidulina-Chaconne-1962.mp3\"><\/audio><\/figure>\n\n\n\n<hr class=\"wp-block-separator has-alpha-channel-opacity\"\/>\n\n\n\n<h5 class=\"wp-block-heading\"><em>Sonate<\/em> pour Piano (1965)<\/h5>\n\n\n\n<blockquote class=\"wp-block-quote is-layout-flow wp-block-quote-is-layout-flow\">\n<p>Si vous ne connaissez pas ce chef-d&rsquo;\u0153uvre du r\u00e9pertoire pianistique contemporain, vous allez avoir une grande surprise. Pour moi, c&rsquo;est l&rsquo;une des meilleures \u0153uvres pour piano de la seconde moiti\u00e9 du XXe si\u00e8cle. \u00c9cole russe, jazz, exp\u00e9rimentation, bravoure, virtuosit\u00e9, lyrisme, nostalgie. La musique dans sa plus pure essence, avec toutes ses \u00e9motions.<\/p>\n\n\n\n<p class=\"has-text-align-right\"><strong><em>Ricardo Descalzo<\/em><\/strong><\/p>\n\n\n\n<figure class=\"wp-block-audio\"><audio controls src=\"https:\/\/pigyki.fr\/wp-content\/uploads\/2025\/10\/Sofia-Gubaidulina-Piano-Sonata-1965.mp3\"><\/audio><\/figure>\n<\/blockquote>\n\n\n\n<hr class=\"wp-block-separator has-alpha-channel-opacity\"\/>\n\n\n\n<h5 class=\"wp-block-heading\"><strong><em><a href=\"#toys\">Musical Toys *<\/a><\/em><\/strong> \/ Jouets musicaux, 14 pi\u00e8ces de piano pour les enfants (1969)<\/h5>\n\n\n\n<blockquote class=\"wp-block-quote is-layout-flow wp-block-quote-is-layout-flow\">\n<p>Une merveilleuse collection de 14 pi\u00e8ces courtes de niveaux vari\u00e9s, allant du plus simple au plus virtuose. Chaque pi\u00e8ce est un univers unique : certaines sont influenc\u00e9es par le jazz, d&rsquo;autres sont dans le style de Chostakovitch, nocturnes, oniriques, comme des toccatas\u2026 un univers musical personnel que Sofia a \u00e9crit pour elle-m\u00eame, pour l&rsquo;enfant qu&rsquo;elle \u00e9tait autrefois.<\/p>\n\n\n\n<p class=\"has-text-align-right\"><strong><em>Ricardo Descalzo<\/em><\/strong><\/p>\n<\/blockquote>\n\n\n\n<p>Ricardo Descalzo, Piano, pour l&rsquo;int\u00e9grale ci-dessous, \u00e0 laquelle il ajoute comme XV<sup>\u00e8me<\/sup> pi\u00e8ce une <strong><em>Invention<\/em><\/strong> (1974).<\/p>\n\n\n\n<figure class=\"wp-block-audio\"><audio controls src=\"https:\/\/pigyki.fr\/wp-content\/uploads\/2025\/10\/Sofia-Gubaidulina-Piano-Sonata-1965-1.mp3\"><\/audio><\/figure>\n\n\n\n<hr class=\"wp-block-separator has-alpha-channel-opacity\"\/>\n\n\n\n<h5 class=\"wp-block-heading\"><em>Toccata-Troncata<\/em> (1971)<\/h5>\n\n\n\n<p>Ricardo Descalzo, Piano<\/p>\n\n\n\n<figure class=\"wp-block-audio\"><audio controls src=\"https:\/\/pigyki.fr\/wp-content\/uploads\/2025\/10\/Sofia-Gubaidulina-Toccata-Troncata-1971.mp3\"><\/audio><\/figure>\n\n\n\n<hr class=\"wp-block-separator has-alpha-channel-opacity\"\/>\n\n\n\n<div class=\"wp-block-media-text is-stacked-on-mobile\"><figure class=\"wp-block-media-text__media\"><img loading=\"lazy\" decoding=\"async\" width=\"490\" height=\"615\" src=\"https:\/\/pigyki.fr\/wp-content\/uploads\/2025\/10\/image-5.png\" alt=\"\" class=\"wp-image-7202 size-full\" srcset=\"https:\/\/pigyki.fr\/wp-content\/uploads\/2025\/10\/image-5.png 490w, https:\/\/pigyki.fr\/wp-content\/uploads\/2025\/10\/image-5-239x300.png 239w\" sizes=\"auto, (max-width: 490px) 100vw, 490px\" \/><\/figure><div class=\"wp-block-media-text__content\">\n<h3 class=\"wp-block-heading has-text-align-center\">2. Affirmation &amp; reconnaissance<br><br>1980 \/ 1989<\/h3>\n<\/div><\/div>\n\n\n\n<h5 class=\"wp-block-heading\"><em>Offertorium<\/em> &#8211; Concerto pour Violon N\u00b01 (1980)<\/h5>\n\n\n\n<p>\u0152uvre d\u00e9di\u00e9e \u00e0 Gidon Kremer qui l&rsquo;a cr\u00e9\u00e9e et a fait conna\u00eetre Sofia Guba\u00efdulina dans le monde entier.<br>Gidon Kremer, Violon \u00b7 Boston Symphony Orchestra \u00b7 Charles Dutoit, Direction (1988)<\/p>\n\n\n\n<figure class=\"wp-block-audio\"><audio controls src=\"https:\/\/pigyki.fr\/wp-content\/uploads\/2025\/10\/Gubaidulina-Violin-Concerto-No.-1-Offertorium.mp3\"><\/audio><\/figure>\n\n\n\n<hr class=\"wp-block-separator has-alpha-channel-opacity\"\/>\n\n\n\n<h5 class=\"wp-block-heading\"> <strong><em><a href=\"#sieben\">Sieben Worte *<\/a><\/em><\/strong> (Les Sept Derni\u00e8res Paroles du Christ), pour violoncelle, bayan et cordes (1982)<\/h5>\n\n\n\n<p>Sans rechercher \u00e0 &lsquo;comprendre&rsquo; la symbolique de cette \u0153uvre, j&rsquo;ai \u00e9t\u00e9 happ\u00e9 par sa dimension mystique quasi hypnotique&#8230;<br>L&rsquo;\u0153uvre est en r\u00e9alit\u00e9 un&nbsp;double concerto&nbsp;pour violoncelle et accord\u00e9on. Elle s&rsquo;inscrit dans la tradition des m\u00e9ditations sur <strong>les&nbsp;sept paroles de J\u00e9sus en croix<\/strong>. Dans cette \u0153uvre, la tension se fait pr\u00e9sente du d\u00e9but \u00e0 la fin, avec une grande \u00e9loquence.<\/p>\n\n\n\n<p>Elsbeth Moser, Bayan &#8211; Maria Kliegel, Violoncelle &#8211; Camerata Transsylvanica, Gyorgy Selmeczi, Direction <\/p>\n\n\n\n<figure class=\"wp-block-audio\"><audio controls src=\"https:\/\/pigyki.fr\/wp-content\/uploads\/2025\/10\/Sofia-Gubaidulina-Sieben-Worte-1982-for-cello-bayan-and-strings.mp3\"><\/audio><\/figure>\n\n\n\n<hr class=\"wp-block-separator has-alpha-channel-opacity\"\/>\n\n\n\n<div class=\"wp-block-media-text has-media-on-the-right is-stacked-on-mobile\"><div class=\"wp-block-media-text__content\">\n<h3 class=\"wp-block-heading has-text-align-center\">3. Maturit\u00e9 &amp; recherches<br><br>1990 \/ 2000<\/h3>\n<\/div><figure class=\"wp-block-media-text__media\"><img loading=\"lazy\" decoding=\"async\" width=\"266\" height=\"189\" src=\"https:\/\/pigyki.fr\/wp-content\/uploads\/2025\/10\/image-3.png\" alt=\"\" class=\"wp-image-7197 size-full\"\/><\/figure><\/div>\n\n\n\n<blockquote class=\"wp-block-quote is-layout-flow wp-block-quote-is-layout-flow\">\n<p><em>\u00ab\u00a0La question fondamentale pour les artistes de ma g\u00e9n\u00e9ration est celle de la libert\u00e9. La pens\u00e9e lib\u00e9r\u00e9e. Et cela, il nous a fallu le conqu\u00e9rir, l&rsquo;arracher lambeau par lambeau avec nos ongles. Vous croyez que je me suis retrouv\u00e9e sur cette liste noire \u00e0 cause de ma musique&nbsp;? Pensez-vous ! C&rsquo;est \u00e0 cause de mes yeux. Personne ne s&rsquo;int\u00e9ressait \u00e0 ce que je composais, je pense qu&rsquo;aucun dirigeant n&rsquo;en a m\u00eame jamais entendu une seule note, mais ils avaient vu mes yeux avides de libert\u00e9.\u00a0\u00bb<\/em><\/p>\n\n\n\n<p class=\"has-text-align-right\"><em><strong>Sofia Guba\u00efdulina<\/strong><\/em><\/p>\n<\/blockquote>\n\n\n\n<h5 class=\"wp-block-heading\"><strong><em><a href=\"#silenzio\">Silenzio *<\/a><\/em><\/strong> (1991)<\/h5>\n\n\n\n<p style=\"font-size:18px\">Elsbeth Moser, <strong><em><a href=\"#bayan\">Bayan*<\/a><\/em><\/strong> &#8211; Kathrin Rabus, Violon &#8211; Maria Kliegel, Violoncelle<\/p>\n\n\n\n<p>I <a href=\"https:\/\/www.youtube.com\/watch?v=RJVz6HC33dw\" target=\"_blank\" rel=\"noreferrer noopener\">00:00<\/a> II <a href=\"https:\/\/www.youtube.com\/watch?v=RJVz6HC33dw&amp;t=250s\" target=\"_blank\" rel=\"noreferrer noopener\">04:10<\/a> III <a href=\"https:\/\/www.youtube.com\/watch?v=RJVz6HC33dw&amp;t=403s\" target=\"_blank\" rel=\"noreferrer noopener\">06:43<\/a> IV <a href=\"https:\/\/www.youtube.com\/watch?v=RJVz6HC33dw&amp;t=572s\" target=\"_blank\" rel=\"noreferrer noopener\">09:32<\/a> V <a href=\"https:\/\/www.youtube.com\/watch?v=RJVz6HC33dw&amp;t=650s\" target=\"_blank\" rel=\"noreferrer noopener\">10:50<\/a><\/p>\n\n\n\n<figure class=\"wp-block-audio\"><audio controls src=\"https:\/\/pigyki.fr\/wp-content\/uploads\/2025\/10\/Sofia-Gubaidulina-Silenzio-For-Bayan-Violin-Cello.mp3\"><\/audio><\/figure>\n\n\n\n<hr class=\"wp-block-separator has-alpha-channel-opacity\"\/>\n\n\n\n<h5 class=\"wp-block-heading\"><em>Dancer on a Tightrope<\/em> \/ Danseur sur une corde raide&nbsp;(1993)<\/h5>\n\n\n\n<p>Katha Zinn, violon &amp; Illya Filshtinskiy, piano<br>La <strong><em><a href=\"https:\/\/youtu.be\/LQDbofn2e74?si=CZlCEprrUWp5okWg\" target=\"_blank\" rel=\"noreferrer noopener\">vid\u00e9o<\/a><\/em><\/strong> permet de comprendre comment sont produits certains sons avec le piano&#8230;<\/p>\n\n\n\n<figure class=\"wp-block-audio\"><audio controls src=\"https:\/\/pigyki.fr\/wp-content\/uploads\/2025\/10\/Gubaidulina-Dancer-on-a-Tightrope-Katha-Zinn-violin-Illya-Filshtinskiy-piano.mp3\"><\/audio><\/figure>\n\n\n<style>.kadence-column7096_eac955-61 > .kt-inside-inner-col,.kadence-column7096_eac955-61 > .kt-inside-inner-col:before{border-top-left-radius:0px;border-top-right-radius:0px;border-bottom-right-radius:0px;border-bottom-left-radius:0px;}.kadence-column7096_eac955-61 > .kt-inside-inner-col{column-gap:var(--global-kb-gap-sm, 1rem);}.kadence-column7096_eac955-61 > .kt-inside-inner-col{flex-direction:column;}.kadence-column7096_eac955-61 > .kt-inside-inner-col > .aligncenter{width:100%;}.kadence-column7096_eac955-61 > .kt-inside-inner-col:before{opacity:0.3;}.kadence-column7096_eac955-61{position:relative;}@media all and (max-width: 1024px){.kadence-column7096_eac955-61 > .kt-inside-inner-col{flex-direction:column;justify-content:center;}}@media all and (max-width: 767px){.kadence-column7096_eac955-61 > .kt-inside-inner-col{flex-direction:column;justify-content:center;}}<\/style>\n<div class=\"wp-block-kadence-column kadence-column7096_eac955-61\"><div class=\"kt-inside-inner-col\">\n<hr class=\"wp-block-separator has-alpha-channel-opacity\"\/>\n<\/div><\/div>\n\n\n\n<div class=\"wp-block-media-text is-stacked-on-mobile\"><figure class=\"wp-block-media-text__media\"><img loading=\"lazy\" decoding=\"async\" width=\"600\" height=\"392\" src=\"https:\/\/pigyki.fr\/wp-content\/uploads\/2025\/10\/image-6.png\" alt=\"\" class=\"wp-image-7205 size-full\" srcset=\"https:\/\/pigyki.fr\/wp-content\/uploads\/2025\/10\/image-6.png 600w, https:\/\/pigyki.fr\/wp-content\/uploads\/2025\/10\/image-6-300x196.png 300w, https:\/\/pigyki.fr\/wp-content\/uploads\/2025\/10\/image-6-281x184.png 281w\" sizes=\"auto, (max-width: 600px) 100vw, 600px\" \/><\/figure><div class=\"wp-block-media-text__content\">\n<h3 class=\"wp-block-heading has-text-align-center\">4. \u0152uvres tardives &amp; grandes commandes<br><br>2001 \/ 2025<\/h3>\n<\/div><\/div>\n\n\n\n<h5 class=\"wp-block-heading\"><em>Mirage \u00ab Le soleil dansant \u00bb<\/em> pour 8 violoncelles (2002)<\/h5>\n\n\n\n<p>\u0152uvre command\u00e9e pour les <em>Rencontres d\u2019Ensembles de Violoncelles, Beauvais<\/em>, elle est d\u00e9di\u00e9e \u00e0 l\u2019Octuor de Violoncelles de Beauvais.&nbsp;<\/p>\n\n\n\n<p>Enregistrement r\u00e9alis\u00e9 par l&rsquo;Union des compositeurs de Moscou le 27 novembre 2011. <br>Interpr\u00e8tes : Ensemble de violoncelles du Conservatoire Gnesine de Russie, compos\u00e9 de : V. Tonkha, R. Bourkin, N. Ivanova, V. Nikonov, K. Krylatova, L. Moukhamedina, N. Poustovarova, D. Tsirempilova<\/p>\n\n\n\n<figure class=\"wp-block-audio\"><audio controls src=\"https:\/\/pigyki.fr\/wp-content\/uploads\/2025\/10\/Sofia-Gulaidulina-Le-soleil-dansant-8-Violoncelles.mp3\"><\/audio><\/figure>\n\n\n\n<hr class=\"wp-block-separator has-alpha-channel-opacity\"\/>\n\n\n\n<h5 class=\"wp-block-heading\"><em>The Lyre of Orpheus<\/em> \/ La lyre d&rsquo;Orph\u00e9e (2005)<\/h5>\n\n\n\n<p>Commande du festival \u00ab\u00a0<strong>Les mus\u00e9iques<\/strong>\u00ab\u00a0de B\u00e2le, pour violon solo, 2 percussionnistes, 6 violons, 5 seconds violons, 4 altos, 4 violoncelles, 2 contrebasses. Cr\u00e9\u00e9e en 2006 par Gidon Kremer et son Kremerata Baltica.<br>Gidon Kremer, Violon solo \u00b7 Marta Sudraba, Violoncelle \u00b7 Kremerata Baltica<\/p>\n\n\n\n<figure class=\"wp-block-audio\"><audio controls src=\"https:\/\/pigyki.fr\/wp-content\/uploads\/2025\/10\/Gubaidulina-The-Lyre-of-Orpheus-Live.mp3\"><\/audio><\/figure>\n\n\n\n<hr class=\"wp-block-separator has-alpha-channel-opacity\"\/>\n\n\n\n<h5 class=\"wp-block-heading\"><strong><em><a href=\"#tempus\">In tempus praesens *<\/a><\/em><\/strong> \/ Pour le temps pr\u00e9sent &#8211; Concerto pour Violon &amp; Orchestre (2007)<\/h5>\n\n\n\n<p>Anne-Sophie Mutter, d\u00e9dicataire de l&rsquo;\u0153uvre, Violon &#8211; London Symphony Orchestra &#8211; Valery Gergiev.<\/p>\n\n\n\n<figure class=\"wp-block-audio\"><audio controls src=\"https:\/\/pigyki.fr\/wp-content\/uploads\/2025\/10\/Sofia-Gubaidulina-In-Tempus-Praesens.mp3\"><\/audio><\/figure>\n\n\n\n<hr class=\"wp-block-separator has-alpha-channel-opacity\"\/>\n\n\n\n<h5 class=\"wp-block-heading\"><em>Triple Concerto<\/em>, pour Violon, Violoncelle, Bayan et Orchestre (2016)<\/h5>\n\n\n\n<p>Baiba Skride, Violon &#8211; Harriet Krijgh, Violoncelle &#8211; Elsbeth Moser, Bayan &#8211; Boston Symphony Orchestra, Andris Nelsons, direction (2017)<\/p>\n\n\n\n<figure class=\"wp-block-audio\"><audio controls src=\"https:\/\/pigyki.fr\/wp-content\/uploads\/2025\/10\/Sofia-Gubaidulina-Triple-Concerto-2016.mp3\"><\/audio><\/figure>\n\n\n\n<hr class=\"wp-block-separator has-alpha-channel-opacity\" id=\"plus\"\/>\n\n\n\n<h4 class=\"wp-block-heading\"><em>* Pour en savoir plus&#8230;<\/em><\/h4>\n\n\n\n<h4 class=\"wp-block-heading\">D\u00e9tail des extraits des \u00e9coutes courtes<\/h4>\n\n\n\n<div style=\"height:10px\" aria-hidden=\"true\" id=\"piano\" class=\"wp-block-spacer\"><\/div>\n\n\n\n<h5 class=\"wp-block-heading\"><strong><em>Pi\u00e8ces pour piano solo<\/em><\/strong> (1969-74)<\/h5>\n\n\n\n<p><em><strong>Musical toys<\/strong><\/em> (1969) extraits n\u00b0XI-XII-XIII par Diana Baker \/ <em><strong>Toccata-Troncata<\/strong><\/em> (1971) \/ <strong><em>Invention<\/em><\/strong> (1974) par Ricardo Descalzo<\/p>\n\n\n\n<figure class=\"wp-block-audio\"><audio controls src=\"https:\/\/pigyki.fr\/wp-content\/uploads\/2025\/10\/Sofia-Gubaidulina-Extraits-Piano.mp3\"><\/audio><\/figure>\n\n\n\n<div style=\"height:30px\" aria-hidden=\"true\" id=\"Ricardo-Descalzo\" class=\"wp-block-spacer\"><\/div>\n\n\n\n<p><strong><em><a href=\"https:\/\/www.facebook.com\/ricardodescalzo\/about\" target=\"_blank\" rel=\"noreferrer noopener\">Ricardo Descalzo<\/a><\/em><\/strong>, pianiste espagnol, professeur de piano contemporain \u00e0 <em>San Sebastian&rsquo;s Musikene Conservatory<\/em>.<br>Il a entrepris d&rsquo;enregistrer l&rsquo;int\u00e9grale de l&rsquo;\u0153uvre pour piano de Sofia Guba\u00efdulina, avec laquelle il a travaill\u00e9, int\u00e9gr\u00e9e dans un vaste projet de biblioth\u00e8que sonore du piano contemporain.<br>Il a entre autre la grande qualit\u00e9 de tout jouer par c\u0153ur dans ses vid\u00e9os !<\/p>\n\n\n\n<hr class=\"wp-block-separator has-alpha-channel-opacity\"\/>\n\n\n\n<div style=\"height:10px\" aria-hidden=\"true\" id=\"toys\" class=\"wp-block-spacer\"><\/div>\n\n\n\n<h5 class=\"wp-block-heading\"><em>Musical toys<\/em><\/h5>\n\n\n\n<p>Diana Baker, Piano, pour le minutage indiqu\u00e9 ci-dessous. Version plus d\u00e9licate que celle de Ricardo Descalzo&#8230; (Total 18&rsquo;27)<\/p>\n\n\n<style>.kb-table-container7096_202fd2-b8{max-width:100%;max-height:1265px;overflow-x:auto;}.kb-table7096_202fd2-b8 tr{height:0px;}.kb-table-container .kb-table7096_202fd2-b8{overflow-x:scroll;}.kb-table-container .kb-table7096_202fd2-b8 th{padding-top:var(--global-kb-spacing-xxs, 0.5rem);padding-right:var(--global-kb-spacing-xxs, 0.5rem);padding-bottom:var(--global-kb-spacing-xxs, 0.5rem);padding-left:var(--global-kb-spacing-xxs, 0.5rem);text-align:center;}.kb-table-container .kb-table7096_202fd2-b8 caption{text-align:center;}.kb-table-container .kb-table7096_202fd2-b8 td{padding-top:var(--global-kb-spacing-xxs, 0.5rem);padding-right:var(--global-kb-spacing-xxs, 0.5rem);padding-bottom:var(--global-kb-spacing-xxs, 0.5rem);padding-left:var(--global-kb-spacing-xxs, 0.5rem);text-align:left;}<\/style><div class=\"kb-table-container kb-table-container7096_202fd2-b8 wp-block-kadence-table\"><table class=\"kb-table kb-table7096_202fd2-b8\">\n<style>.kb-table-container .kb-table tr.kb-table-row7096_ebd5dc-3d{height:0px;}<\/style><tr class=\"kb-table-row kb-table-row7096_ebd5dc-3d\">\n<td class=\"kb-table-data kb-table-data7096_0b1522-39\">\n\n<p style=\"font-size:16px\">Rep\u00e8res<br>YouTube<\/p>\n\n<\/td>\n\n<td class=\"kb-table-data kb-table-data7096_5b7519-eb\">\n\n<p class=\"has-normal-font-size\">Titre des pi\u00e8ces<\/p>\n\n<\/td>\n<\/tr>\n\n<style>.kb-table-container .kb-table tr.kb-table-row7096_1a3c07-83{height:0px;}<\/style><tr class=\"kb-table-row kb-table-row7096_1a3c07-83\">\n<td class=\"kb-table-data kb-table-data7096_dd8c17-71\">\n\n<p style=\"font-size:16px\"><a href=\"https:\/\/youtu.be\/TnfmGzWEH2A?si=7CSxELMmmNz_S4v-\" target=\"_blank\" rel=\"noreferrer noopener\">00:00<\/a><\/p>\n\n<\/td>\n\n<td class=\"kb-table-data kb-table-data7096_ad6276-c0\">\n\n<p style=\"font-size:16px\">I. Accord\u00e9on m\u00e9canique<\/p>\n\n<\/td>\n<\/tr>\n\n<style>.kb-table-container .kb-table tr.kb-table-row7096_5aa0d9-54{height:0px;}<\/style><tr class=\"kb-table-row kb-table-row7096_5aa0d9-54\">\n<td class=\"kb-table-data kb-table-data7096_4b92ff-66\">\n\n<p style=\"font-size:16px\"><a href=\"https:\/\/www.youtube.com\/watch?v=TnfmGzWEH2A&amp;t=34s\" target=\"_blank\" rel=\"noreferrer noopener\">00:34<\/a><\/p>\n\n<\/td>\n\n<td class=\"kb-table-data kb-table-data7096_143d2e-e1\">\n\n<p style=\"font-size:16px\">II. Le Petit Chaperon rouge<\/p>\n\n<\/td>\n<\/tr>\n\n<style>.kb-table-container .kb-table tr.kb-table-row7096_0ec93c-80{height:0px;}<\/style><tr class=\"kb-table-row kb-table-row7096_0ec93c-80\">\n<td class=\"kb-table-data kb-table-data7096_40d1e8-4e\">\n\n<p style=\"font-size:16px\"><a href=\"https:\/\/www.youtube.com\/watch?v=TnfmGzWEH2A&amp;t=73s\" target=\"_blank\" rel=\"noreferrer noopener\">01:13<\/a><\/p>\n\n<\/td>\n\n<td class=\"kb-table-data kb-table-data7096_037fca-bd\">\n\n<p style=\"font-size:16px\">III. Le trompettiste dans la for\u00eat<\/p>\n\n<\/td>\n<\/tr>\n\n<style>.kb-table-container .kb-table tr.kb-table-row7096_f6de72-ce{height:0px;}<\/style><tr class=\"kb-table-row kb-table-row7096_f6de72-ce\">\n<td class=\"kb-table-data kb-table-data7096_23a643-e4\">\n\n<p style=\"font-size:16px\"><a href=\"https:\/\/www.youtube.com\/watch?v=TnfmGzWEH2A&amp;t=167s\" target=\"_blank\" rel=\"noreferrer noopener\">02:47<\/a><\/p>\n\n<\/td>\n\n<td class=\"kb-table-data kb-table-data7096_0e2e49-a9\">\n\n<p style=\"font-size:16px\">IV. Le forgeron magicien<\/p>\n\n<\/td>\n<\/tr>\n\n<style>.kb-table-container .kb-table tr.kb-table-row7096_37eb5f-78{height:0px;}<\/style><tr class=\"kb-table-row kb-table-row7096_37eb5f-78\">\n<td class=\"kb-table-data kb-table-data7096_226f85-79\">\n\n<p style=\"font-size:16px\"><a href=\"https:\/\/www.youtube.com\/watch?v=TnfmGzWEH2A&amp;t=219s\" target=\"_blank\" rel=\"noreferrer noopener\">03:39<\/a><\/p>\n\n<\/td>\n\n<td class=\"kb-table-data kb-table-data7096_8c91a7-90\">\n\n<p style=\"font-size:16px\">V. Jour d&rsquo;avril<\/p>\n\n<\/td>\n<\/tr>\n\n<style>.kb-table-container .kb-table tr.kb-table-row7096_ea3906-e0{height:0px;}<\/style><tr class=\"kb-table-row kb-table-row7096_ea3906-e0\">\n<td class=\"kb-table-data kb-table-data7096_9a487f-27\">\n\n<p style=\"font-size:16px\"><a href=\"https:\/\/www.youtube.com\/watch?v=TnfmGzWEH2A&amp;t=261s\" target=\"_blank\" rel=\"noreferrer noopener\">04:21<\/a><\/p>\n\n<\/td>\n\n<td class=\"kb-table-data kb-table-data7096_0fce96-72\">\n\n<p style=\"font-size:16px\">VI. Chanson du p\u00eacheur<\/p>\n\n<\/td>\n<\/tr>\n\n<style>.kb-table-container .kb-table tr.kb-table-row7096_870ae9-42{height:0px;}<\/style><tr class=\"kb-table-row kb-table-row7096_870ae9-42\">\n<td class=\"kb-table-data kb-table-data7096_186fe4-4b\">\n\n<p style=\"font-size:16px\"><a href=\"https:\/\/www.youtube.com\/watch?v=TnfmGzWEH2A&amp;t=369s\" target=\"_blank\" rel=\"noreferrer noopener\">06:09<\/a><\/p>\n\n<\/td>\n\n<td class=\"kb-table-data kb-table-data7096_cf8ad3-03\">\n\n<p style=\"font-size:16px\">VII. La m\u00e9sange<\/p>\n\n<\/td>\n<\/tr>\n\n<style>.kb-table-container .kb-table tr.kb-table-row7096_45b81a-fc{height:0px;}<\/style><tr class=\"kb-table-row kb-table-row7096_45b81a-fc\">\n<td class=\"kb-table-data kb-table-data7096_81260a-ae\">\n\n<p style=\"font-size:16px\"><a href=\"https:\/\/www.youtube.com\/watch?v=TnfmGzWEH2A&amp;t=439s\" target=\"_blank\" rel=\"noreferrer noopener\">07:19<\/a><\/p>\n\n<\/td>\n\n<td class=\"kb-table-data kb-table-data7096_142533-47\">\n\n<p style=\"font-size:16px\">VIII. Un ours jouant de la contrebasse et la femme noire<\/p>\n\n<\/td>\n<\/tr>\n\n<style>.kb-table-container .kb-table tr.kb-table-row7096_e9eb67-0d{height:0px;}<\/style><tr class=\"kb-table-row kb-table-row7096_e9eb67-0d\">\n<td class=\"kb-table-data kb-table-data7096_b98a08-1d\">\n\n<p style=\"font-size:16px\"><a href=\"https:\/\/www.youtube.com\/watch?v=TnfmGzWEH2A&amp;t=498s\" target=\"_blank\" rel=\"noreferrer noopener\">08:18<\/a><\/p>\n\n<\/td>\n\n<td class=\"kb-table-data kb-table-data7096_293c1e-ab\">\n\n<p style=\"font-size:16px\">IX. Le pic<\/p>\n\n<\/td>\n<\/tr>\n\n<style>.kb-table-container .kb-table tr.kb-table-row7096_97e8ca-1e{height:0px;}<\/style><tr class=\"kb-table-row kb-table-row7096_97e8ca-1e\">\n<td class=\"kb-table-data kb-table-data7096_ab31a0-14\">\n\n<p style=\"font-size:16px\"><a href=\"https:\/\/youtu.be\/TnfmGzWEH2A?si=8FVR5tRKnQFDTg-E&amp;t=619\" target=\"_blank\" rel=\"noreferrer noopener\">10:19<\/a><\/p>\n\n<\/td>\n\n<td class=\"kb-table-data kb-table-data7096_426ecc-19\">\n\n<p style=\"font-size:16px\">X. La clairi\u00e8re de l&rsquo;\u00e9lan<\/p>\n\n<\/td>\n<\/tr>\n\n<style>.kb-table-container .kb-table tr.kb-table-row7096_7295c9-0e{height:0px;}<\/style><tr class=\"kb-table-row kb-table-row7096_7295c9-0e\">\n<td class=\"kb-table-data kb-table-data7096_96061c-a7\">\n\n<p style=\"font-size:16px\"><a href=\"https:\/\/www.youtube.com\/watch?v=TnfmGzWEH2A&amp;t=677s\" target=\"_blank\" rel=\"noreferrer noopener\">11:17<\/a><\/p>\n\n<\/td>\n\n<td class=\"kb-table-data kb-table-data7096_ca6034-fc\">\n\n<p style=\"font-size:16px\">XI. Le tra\u00eeneau aux clochettes<\/p>\n\n<\/td>\n<\/tr>\n\n<style>.kb-table-container .kb-table tr.kb-table-row7096_937127-91{height:0px;}<\/style><tr class=\"kb-table-row kb-table-row7096_937127-91\">\n<td class=\"kb-table-data kb-table-data7096_6e56ff-e4\">\n\n<p style=\"font-size:16px\"><a href=\"https:\/\/www.youtube.com\/watch?v=TnfmGzWEH2A&amp;t=727s\" target=\"_blank\" rel=\"noreferrer noopener\">12:07<\/a><\/p>\n\n<\/td>\n\n<td class=\"kb-table-data kb-table-data7096_24c471-48\">\n\n<p style=\"font-size:16px\">XII. L&rsquo;\u00e9cho<\/p>\n\n<\/td>\n<\/tr>\n\n<style>.kb-table-container .kb-table tr.kb-table-row7096_415b03-bb{height:0px;}<\/style><tr class=\"kb-table-row kb-table-row7096_415b03-bb\">\n<td class=\"kb-table-data kb-table-data7096_8e934b-1f\">\n\n<p style=\"font-size:16px\"><a href=\"https:\/\/www.youtube.com\/watch?v=TnfmGzWEH2A&amp;t=882s\" target=\"_blank\" rel=\"noreferrer noopener\">14:42<\/a><\/p>\n\n<\/td>\n\n<td class=\"kb-table-data kb-table-data7096_6c6e50-0f\">\n\n<p style=\"font-size:16px\">XIII. Le tambour<\/p>\n\n<\/td>\n<\/tr>\n\n<style>.kb-table-container .kb-table tr.kb-table-row7096_5a20a5-ec{height:0px;}<\/style><tr class=\"kb-table-row kb-table-row7096_5a20a5-ec\">\n<td class=\"kb-table-data kb-table-data7096_bd7923-7a\">\n\n<p style=\"font-size:16px\"><a href=\"https:\/\/www.youtube.com\/watch?v=TnfmGzWEH2A&amp;t=959s\" target=\"_blank\" rel=\"noreferrer noopener\">15:59<\/a><\/p>\n\n<\/td>\n\n<td class=\"kb-table-data kb-table-data7096_9147c1-94\">\n\n<p style=\"font-size:16px\">XIV. Les musiciens de la for\u00eat<\/p>\n\n<\/td>\n<\/tr>\n<\/table><\/div>\n\n\n<hr class=\"wp-block-separator has-alpha-channel-opacity\"\/>\n\n\n\n<div style=\"height:10px\" aria-hidden=\"true\" id=\"silenzio\" class=\"wp-block-spacer\"><\/div>\n\n\n\n<h5 class=\"wp-block-heading\"><strong><em>Silenzio<\/em><\/strong> (1991)<\/h5>\n\n\n\n<p>Le silence comme \u00e9l\u00e9ment compositionnel. Sofia Guba\u00efdulina a d\u00e9clar\u00e9 qu&rsquo;elle consid\u00e9rait le silence comme \u00ab \u2026 <em>le terreau sur lequel quelque chose pousse<\/em> \u00bb. Le silence est repr\u00e9sent\u00e9 ici de mani\u00e8re active, par de longs passages jou\u00e9s pianissimo.<\/p>\n\n\n\n<blockquote class=\"wp-block-quote is-layout-flow wp-block-quote-is-layout-flow\">\n<p><strong><em>Silenzio<\/em><\/strong>, un ensemble de cinq pi\u00e8ces pour bayan, violon et violoncelle, est d\u00e9di\u00e9 \u00e0 <strong><em><a href=\"https:\/\/www.genuinclassics.com\/_new\/artist_1.php?k=187\" target=\"_blank\" rel=\"noreferrer noopener\">Elsbeth Moser<\/a><\/em><\/strong>, dont la personnalit\u00e9 a inspir\u00e9 l&rsquo;\u0153uvre. Elle en a donn\u00e9 la premi\u00e8re repr\u00e9sentation \u00e0 Hanovre en 1991 avec la violoniste Kathrin Rabus et le violoncelliste Christoph Marks. La majeure partie de l&rsquo;\u0153uvre, explique la compositrice, doit \u00eatre jou\u00e9e pianissimo. Elle n&rsquo;avait pas l&rsquo;intention d&rsquo;exprimer le silence ou de cr\u00e9er une telle impression. Le silence est pour elle le fondement \u00e0 partir duquel quelque chose se d\u00e9veloppe. Des proportions rythmiques exactes sont cr\u00e9\u00e9es, qui apparaissent de diff\u00e9rentes mani\u00e8res dans les cinq miniatures, parfois de mani\u00e8re cach\u00e9e, parfois sous la forme de proportions de longueur de notes. Dans la derni\u00e8re miniature, le cach\u00e9 et le visible sont r\u00e9unis dans une synth\u00e8se : tout au long du mouvement, on entend des s\u00e9quences rythmiques formul\u00e9es de mani\u00e8re significative dans la partie bayan (quasi variations sur un rythme). C&rsquo;est le m\u00eame rythme que l&rsquo;on retrouve dans la relation entre les sections formelles, 7 \u2013 2 \u2013 5.<br><em>Extrait de Music Notes par Keith Anderson<\/em><\/p>\n<\/blockquote>\n\n\n\n<p style=\"font-size:18px\">Elsbeth Moser, <strong><em><a href=\"#bayan\">Bayan*<\/a><\/em><\/strong> &#8211; Kathrin Rabus, Violon &#8211; Maria Kliegel, Violoncelle<\/p>\n\n\n\n<p>I <a href=\"https:\/\/www.youtube.com\/watch?v=RJVz6HC33dw\" target=\"_blank\" rel=\"noreferrer noopener\">00:00<\/a> II <a href=\"https:\/\/www.youtube.com\/watch?v=RJVz6HC33dw&amp;t=250s\" target=\"_blank\" rel=\"noreferrer noopener\">04:10<\/a> III <a href=\"https:\/\/www.youtube.com\/watch?v=RJVz6HC33dw&amp;t=403s\" target=\"_blank\" rel=\"noreferrer noopener\">06:43<\/a> IV <a href=\"https:\/\/www.youtube.com\/watch?v=RJVz6HC33dw&amp;t=572s\" target=\"_blank\" rel=\"noreferrer noopener\">09:32<\/a> V <a href=\"https:\/\/www.youtube.com\/watch?v=RJVz6HC33dw&amp;t=650s\" target=\"_blank\" rel=\"noreferrer noopener\">10:50<\/a><\/p>\n\n\n\n<figure class=\"wp-block-audio\"><audio controls src=\"https:\/\/pigyki.fr\/wp-content\/uploads\/2025\/10\/Sofia-Gubaidulina-Silenzio-For-Bayan-Violin-Cello.mp3\"><\/audio><\/figure>\n\n\n\n<hr class=\"wp-block-separator has-alpha-channel-opacity\"\/>\n\n\n\n<div style=\"height:10px\" aria-hidden=\"true\" id=\"sonnen\" class=\"wp-block-spacer\"><\/div>\n\n\n\n<h5 class=\"wp-block-heading\"><em>Sonnengesang<\/em>&nbsp;\/ Cantique du soleil (1997)<\/h5>\n\n\n\n<p>Cantique du soleil de Saint Fran\u00e7ois d&rsquo;Assise, pour violoncelle, ch\u0153ur de chambre et percussions.<br>Le jeu sur les sons harmoniques naturels m&rsquo;\u00e9voque le principe de \u00ab\u00a0musique spectrale\u00a0\u00bb \u00e9galement utilis\u00e9 par Kaija Saariaho&#8230;<\/p>\n\n\n\n<p>Mstislav Rostropovich, Violoncelle &#8211; London Voices, Ch\u0153ur &#8211; London Symphony Orchestra &#8211; Ryusuke Numajiri, Direction<\/p>\n\n\n\n<figure class=\"wp-block-audio\"><audio controls src=\"https:\/\/pigyki.fr\/wp-content\/uploads\/2025\/10\/Sofia-Gubaidoulina-Cantiques-du-soleil.mp3\"><\/audio><\/figure>\n\n\n\n<hr class=\"wp-block-separator has-alpha-channel-opacity\"\/>\n\n\n\n<div style=\"height:10px\" aria-hidden=\"true\" id=\"light\" class=\"wp-block-spacer\"><\/div>\n\n\n\n<h5 class=\"wp-block-heading\"><em>The Light of the End  \/ The Light at the End<\/em> (2003)<\/h5>\n\n\n\n<blockquote class=\"wp-block-quote is-layout-flow wp-block-quote-is-layout-flow\">\n<p>Le nom de la composition provient du son brillant des cymbales antiques qui cl\u00f4turent la coda de cette pi\u00e8ce. Mais malgr\u00e9 le titre r\u00e9fl\u00e9chi, le sens g\u00e9n\u00e9ral de la composition est dramatique. Le drame est caus\u00e9 par le conflit entre le caract\u00e8re intrins\u00e8que des instruments \u00e0 produire les sons de la rang\u00e9e naturelle d&rsquo;harmoniques et la n\u00e9cessit\u00e9 de les adapter aux sons de l&rsquo;accord temp\u00e9r\u00e9 \u00e0 12 tons.<\/p>\n\n\n\n<p>Pendant un certain temps, j&rsquo;ai v\u00e9cu ce conflit comme mon propre drame : l&rsquo;incompatibilit\u00e9, en principe, de ces qualit\u00e9s intrins\u00e8ques avec les circonstances de la vie r\u00e9elle dans lesquelles la nature est neutralis\u00e9e. T\u00f4t ou tard, cette douleur devait se manifester dans une composition. Dans cette pi\u00e8ce, le conflit survient entre un th\u00e8me compos\u00e9 exclusivement de sons de la gamme harmonique naturelle et un th\u00e8me qui utilise la gamme temp\u00e9r\u00e9e \u00e0 12 tons. La pi\u00e8ce se termine par la suppression d&rsquo;une dissonance dans laquelle les contrastes sont r\u00e9solus.<\/p>\n\n\n\n<p class=\"has-text-align-right\"><em><strong>Sofia Gubaidulina<\/strong><\/em><\/p>\n<\/blockquote>\n\n\n\n<p>Gewandhausorchester \u00b7 Andris Nelsons \/ Version compl\u00e8te.<\/p>\n\n\n\n<figure class=\"wp-block-audio\"><audio controls src=\"https:\/\/pigyki.fr\/wp-content\/uploads\/2025\/10\/Sofia-Gubaidulina-The-Light-of-the-End-The-Light-at-the-End-1.mp3\"><\/audio><\/figure>\n\n\n\n<hr class=\"wp-block-separator has-alpha-channel-opacity\"\/>\n\n\n\n<div style=\"height:10px\" aria-hidden=\"true\" id=\"offertorium\" class=\"wp-block-spacer\"><\/div>\n\n\n\n<h5 class=\"wp-block-heading\"><em>Offertorium<\/em> (1980)<\/h5>\n\n\n\n<p>Le concerto s&rsquo;ouvre sur une citation du th\u00e8me&nbsp;royal&nbsp;de&nbsp;<em>l&rsquo;Offrande musicale<\/em>&nbsp;de&nbsp;Jean-S\u00e9bastien Bach.<br>Il est ensuite&nbsp;\u00ab&nbsp;d\u00e9natur\u00e9&nbsp;\u00bb ou&nbsp;\u00ab&nbsp;d\u00e9mat\u00e9rialis\u00e9&nbsp;\u00bb, jusqu&rsquo;\u00e0 ce qu&rsquo;il n&rsquo;en reste plus qu&rsquo;une seule note. Le th\u00e8me est ensuite r\u00e9cup\u00e9r\u00e9 une note apr\u00e8s l&rsquo;autre \u00e0 la fin de la section centrale, \u00e0 l&rsquo;envers.<br>Sa technique a \u00e9t\u00e9 rapproch\u00e9e de la musique d&rsquo;<a href=\"https:\/\/fr.wikipedia.org\/wiki\/Anton_Webern\" target=\"_blank\" rel=\"noreferrer noopener\">Anton Webern<\/a>.<\/p>\n\n\n\n<p>La compositrice n&rsquo;a pas donn\u00e9 de note de programme pour cette \u0153uvre, mais a expliqu\u00e9 ensuite que son titre refl\u00e8te une signification mystique, proche de la musique sacr\u00e9e.<br><em>(source Wikip\u00e9dia)<\/em><\/p>\n\n\n\n<hr class=\"wp-block-separator has-alpha-channel-opacity\"\/>\n\n\n\n<div style=\"height:10px\" aria-hidden=\"true\" id=\"bayan\" class=\"wp-block-spacer\"><\/div>\n\n\n\n<h6 class=\"wp-block-heading\">Le Bayan<\/h6>\n\n\n\n<div class=\"wp-block-media-text is-stacked-on-mobile\"><figure class=\"wp-block-media-text__media\"><img loading=\"lazy\" decoding=\"async\" width=\"1024\" height=\"722\" src=\"https:\/\/pigyki.fr\/wp-content\/uploads\/2025\/10\/Jupiter_bayan_accordion-1024x722.jpeg\" alt=\"\" class=\"wp-image-7110 size-full\" srcset=\"https:\/\/pigyki.fr\/wp-content\/uploads\/2025\/10\/Jupiter_bayan_accordion-1024x722.jpeg 1024w, https:\/\/pigyki.fr\/wp-content\/uploads\/2025\/10\/Jupiter_bayan_accordion-300x211.jpeg 300w, https:\/\/pigyki.fr\/wp-content\/uploads\/2025\/10\/Jupiter_bayan_accordion-768x541.jpeg 768w, https:\/\/pigyki.fr\/wp-content\/uploads\/2025\/10\/Jupiter_bayan_accordion-1536x1082.jpeg 1536w, https:\/\/pigyki.fr\/wp-content\/uploads\/2025\/10\/Jupiter_bayan_accordion-281x198.jpeg 281w, https:\/\/pigyki.fr\/wp-content\/uploads\/2025\/10\/Jupiter_bayan_accordion.jpeg 1737w\" sizes=\"auto, (max-width: 1024px) 100vw, 1024px\" \/><\/figure><div class=\"wp-block-media-text__content\">\n<p>Le <strong><em><a href=\"https:\/\/fr.wikipedia.org\/wiki\/Bayan_(instrument)\" target=\"_blank\" rel=\"noreferrer noopener\">bayan<\/a><\/em><\/strong> est un type d&rsquo;accord\u00e9on chromatique \u00e0 boutons d\u00e9velopp\u00e9 en Russie au d\u00e9but du XXe si\u00e8cle et nomm\u00e9 d&rsquo;apr\u00e8s le barde Boyan, qui v\u00e9cut au XIe si\u00e8cle.<\/p>\n\n\n\n<p>Voir aussi l&rsquo;article d\u00e9taill\u00e9 de Bruno Maurice sur le <strong><em><a href=\"https:\/\/www.brunomaurice.com\/le-bayan\/\" target=\"_blank\" rel=\"noreferrer noopener\">bayan<\/a><\/em><\/strong>.<\/p>\n<\/div><\/div>\n\n\n\n<hr class=\"wp-block-separator has-alpha-channel-opacity\"\/>\n\n\n\n<div style=\"height:10px\" aria-hidden=\"true\" id=\"sieben\" class=\"wp-block-spacer\"><\/div>\n\n\n\n<h2 class=\"wp-block-heading\"> Sieben Worte (Les Sept Derni\u00e8res Paroles du Christ)), pour violoncelle, bayan et cordes (1982)<\/h2>\n\n\n\n<blockquote class=\"wp-block-quote is-layout-flow wp-block-quote-is-layout-flow\">\n<p>Une symbolique mystique s\u2019affirmera de plus en plus \u00e0 partir des ann\u00e9es 1980, reposant le plus souvent sur l\u2019opposition lumi\u00e8re\/t\u00e9n\u00e8bres (diatonisme&nbsp;<em>versus<\/em>&nbsp;chromatisme ou microtonalit\u00e9), sur le motif de la croix, trait\u00e9 de fa\u00e7on musicale (notamment par l\u2019utilisation de chromatismes renvers\u00e9s de type BACH) et parfois m\u00eame graphique, comme ici dans&nbsp;<em><a href=\"https:\/\/ressources.ircam.fr\/work\/seven-words\">Sieben Worte<\/a><\/em>, pour violoncelle, bayan et cordes, o\u00f9 l\u2019on observe aussi une symbolique instrumentale de la trinit\u00e9 (violoncelle = Christ, bayan = Dieu, orchestre \u00e0 cordes = Saint Esprit), ainsi que le premier recours \u00e0 la citation, \u00e0 travers l\u2019emprunt d\u2019un choral de <strong><em><a href=\"https:\/\/fr.wikipedia.org\/wiki\/Heinrich_Sch%C3%BCtz\" target=\"_blank\" rel=\"noreferrer noopener\">Sch\u00fctz<\/a><\/em><\/strong>.<\/p>\n\n\n\n<p class=\"has-text-align-right\">Extrait de \u00ab\u00a0<em><strong><a href=\"https:\/\/ressources.ircam.fr\/fr\/composer\/sofia-goubaidoulina\/workcourse\">Parcours de l&rsquo;\u0153uvre de Sofia Guba\u00efdulina<\/a><\/strong><\/em>\u00a0\u00bb par <strong>Pierre Rigaudi\u00e8re<\/strong> &#8211; IRCAM.<\/p>\n<\/blockquote>\n\n\n\n<p>\u00ab <strong><em>Sieben Worte <\/em><\/strong>(Sept mots), pour violoncelle, bayan et cordes, a \u00e9t\u00e9 compos\u00e9 en 1982 et cr\u00e9\u00e9 la m\u00eame ann\u00e9e \u00e0 Moscou, avec le violoncelliste Vladimir Toncha et l&rsquo;accord\u00e9oniste Friedrich Lips, \u00e0 qui l&rsquo;\u0153uvre est d\u00e9di\u00e9e. La compositrice reconna\u00eet sa dette envers une longue tradition culturelle, \u00e0 laquelle Heinrich Sch\u00fctz a contribu\u00e9 dans son <em>Die sieben Worte unseres lieben Erlb&rsquo;sers und Seeligmachers Jesu Christi so er am Stamm des heiligen Creutzes gesprochen<\/em> (Les sept derni\u00e8res paroles de notre R\u00e9dempteur et Sauveur J\u00e9sus-Christ prononc\u00e9es sur la Sainte Croix) et \u00e0 laquelle Haydn a \u00e9galement ajout\u00e9 sa contribution. La base chr\u00e9tienne de l&rsquo;\u0153uvre a \u00e9t\u00e9 dissimul\u00e9e lors de la premi\u00e8re repr\u00e9sentation \u00e0 Moscou, mais elle est suffisamment claire, m\u00eame sans le titre actuel et l&rsquo;explication de la compositrice elle-m\u00eame. Sofia Gubaidulina explique qu&rsquo;aucune \u0153uvre purement instrumentale ne peut naturellement exprimer le texte biblique. Il s&rsquo;agit plut\u00f4t ici de sons purement instrumentaux, de gestes m\u00e9taphoriques, et \u00e0 cet \u00e9gard, les deux instruments solistes, le bayan et le violoncelle, ainsi que l&rsquo;orchestre \u00e0 cordes ont fourni une mati\u00e8re abondante : je pense par exemple aux sons prolong\u00e9s du violoncelle, travers\u00e9s par les glissandi des cordes voisines. Dans le bayan, ce croisement avec l&rsquo;orchestre s&rsquo;effectue \u00e0 l&rsquo;aide de la pression exerc\u00e9e sur les touches voisines. Dans l&rsquo;orchestre \u00e0 cordes, il est possible de passer par glissando de l&rsquo;unisson \u00e0 des textures de plusieurs octaves, puis de revenir \u00e0 l&rsquo;unisson (la figure de la Croix). Lorsque l&rsquo;archet du violoncelle passe derri\u00e8re le chevalet, c&rsquo;est en quelque sorte l&rsquo;entr\u00e9e dans un autre monde. Ces m\u00e9taphores instrumentales constituent le fondement th\u00e9matique de l&rsquo;\u0153uvre, qui se d\u00e9roule en six mouvements avec une tension croissante. \u00c0 la fin du sixi\u00e8me mouvement (<em>Tout est accompli<\/em>), la tension est rompue : l&rsquo;archet joue sur le chevalet, et dans le septi\u00e8me mouvement, l&rsquo;archet traverse le chevalet et les limites de l&rsquo;instrument. Ce mat\u00e9riau th\u00e9matique de base pour les instruments solistes contraste avec la musique pour orchestre \u00e0 cordes, dont le caract\u00e8re rappelle l&rsquo;\u00e9criture chorale. \u00c0 ces deux sch\u00e9mas th\u00e9matiques s&rsquo;ajoute la triple r\u00e9p\u00e9tition d&rsquo;une citation de cinq mesures tir\u00e9e de l&rsquo;\u0153uvre de Heinrich Sch\u00fctz, la m\u00e9lodie du cri \u00ab <em>J&rsquo;ai soif<\/em> \u00bb. Cette figure a une fonction structurelle essentielle. \u00bb<\/p>\n\n\n\n<p>L&rsquo;\u0153uvre comprend sept mouvements\u00a0:<br><a href=\"https:\/\/www.youtube.com\/watch?v=uAMboPrZ4jM\" target=\"_blank\" rel=\"noreferrer noopener\">0:00<\/a> I. P\u00e8re, pardonne-leur, car ils ne savent pas ce qu&rsquo;ils font.<br><a href=\"https:\/\/www.youtube.com\/watch?v=uAMboPrZ4jM&amp;t=274s\" target=\"_blank\" rel=\"noreferrer noopener\">4:34<\/a> II. Femme, voici ton fils ! &#8211; Voici ta m\u00e8re !<br><a href=\"https:\/\/www.youtube.com\/watch?v=uAMboPrZ4jM&amp;t=527s\" target=\"_blank\" rel=\"noreferrer noopener\">8:47<\/a> III. En v\u00e9rit\u00e9, je te le dis, aujourd&rsquo;hui tu seras avec moi au paradis. <br><a href=\"https:\/\/www.youtube.com\/watch?v=uAMboPrZ4jM&amp;t=758s\" target=\"_blank\" rel=\"noreferrer noopener\">12:38<\/a> IV. Mon Dieu, mon Dieu, pourquoi m&rsquo;as-tu abandonn\u00e9 ?<br><a href=\"https:\/\/www.youtube.com\/watch?v=uAMboPrZ4jM&amp;t=1310s\" target=\"_blank\" rel=\"noreferrer noopener\">21:50<\/a> V. J&rsquo;ai soif.<br><a href=\"https:\/\/www.youtube.com\/watch?v=uAMboPrZ4jM&amp;t=1603s\" target=\"_blank\" rel=\"noreferrer noopener\">26:43<\/a> VI. Tout est accompli.<br><a href=\"https:\/\/www.youtube.com\/watch?v=uAMboPrZ4jM&amp;t=1771s\" target=\"_blank\" rel=\"noreferrer noopener\">29:31<\/a> VII. P\u00e8re, je remets mon esprit entre tes mains.<\/p>\n\n\n\n<p>Version int\u00e9grale par Maria Kliegel, Violoncelle &#8211; Elsbeth Moser, Bayan &#8211; Camerata Transsylvanica, dir. Gy\u00f6rgy Selmeczi <\/p>\n\n\n\n<figure class=\"wp-block-audio\"><audio controls src=\"https:\/\/pigyki.fr\/wp-content\/uploads\/2025\/10\/Sofia-Gubaidulina-Sieben-Worte-1982-for-cello-bayan-and-strings.mp3\"><\/audio><\/figure>\n\n\n\n<hr class=\"wp-block-separator has-alpha-channel-opacity\"\/>\n\n\n\n<div style=\"height:10px\" aria-hidden=\"true\" id=\"tempus\" class=\"wp-block-spacer\"><\/div>\n\n\n\n<h5 class=\"wp-block-heading\"><strong><em>In tempus praesens<\/em><\/strong> \/ Pour le temps pr\u00e9sent &#8211; Concerto pour Violon &amp; Orchestre (2007)<\/h5>\n\n\n\n<blockquote class=\"wp-block-quote is-layout-flow wp-block-quote-is-layout-flow\">\n<p>Comme beaucoup de cr\u00e9ateurs du XXe si\u00e8cle, le probl\u00e8me du temps me pr\u00e9occupe au plus haut point. Je m&rsquo;int\u00e9resse \u00e0 la mani\u00e8re dont le temps change en fonction des conditions psychologiques changeantes de l&rsquo;homme, \u00e0 la mani\u00e8re dont il s&rsquo;\u00e9coule dans la nature, dans le monde, dans la soci\u00e9t\u00e9, dans les r\u00eaves, dans l&rsquo;art.<\/p>\n\n\n\n<p>L&rsquo;art se situe toujours entre le sommeil et la r\u00e9alit\u00e9, entre la sagesse et la folie, entre la statique et la dynamique de tout ce qui existe.<\/p>\n\n\n\n<p>Dans la vie ordinaire, nous n&rsquo;avons jamais de temps pr\u00e9sent, seulement la transition perp\u00e9tuelle du pass\u00e9 vers l&rsquo;avenir.<\/p>\n\n\n\n<p>Et ce n&rsquo;est que dans le sommeil, dans l&rsquo;exp\u00e9rience religieuse et dans l&rsquo;art que nous pouvons faire l&rsquo;exp\u00e9rience d&rsquo;un temps pr\u00e9sent durable.<\/p>\n\n\n\n<p>Je pense que la forme musicale remplit pr\u00e9cis\u00e9ment cette fonction : au cours de son d\u00e9roulement, elle subit de nombreux \u00e9v\u00e9nements. Certains d&rsquo;entre eux s&rsquo;av\u00e8rent \u00eatre les plus importants. (Je les appelle les n\u0153uds architectoniques de la forme.) Et ils peuvent former une sorte de forme g\u00e9n\u00e9ralis\u00e9e, la forme d&rsquo;une pyramide, par exemple. (L&rsquo;\u00e9pisode du sacrifice rituel se trouve au sommet de la pyramide de \u00ab In tempus praesens \u00bb). L&rsquo;exp\u00e9rience int\u00e9grale de cette forme pyramidale produit un temps pr\u00e9sent durable.<\/p>\n\n\n\n<p class=\"has-text-align-right\">Sofia Guba\u00efdulina<\/p>\n<\/blockquote>\n\n\n\n<hr class=\"wp-block-separator has-alpha-channel-opacity\"\/>\n\n\n\n<div style=\"height:10px\" aria-hidden=\"true\" id=\"biographie\" class=\"wp-block-spacer\"><\/div>\n\n\n\n<h5 class=\"wp-block-heading\"><em>Biographie<\/em><\/h5>\n\n\n\n<p>Pour les lecteurs souhaitant approfondir la trajectoire biographique de la compositrice, voici un texte de r\u00e9f\u00e9rence sign\u00e9 <strong><em>Gerard McBurney<\/em><\/strong>.<\/p>\n\n\n\n<p>Sofia Asgatovna Guba\u00efdulina est n\u00e9e le 24 octobre 1931 \u00e0 Tchistopol, en R\u00e9publique autonome tatare. Son p\u00e8re, ing\u00e9nieur des mines, tatare, et sa m\u00e8re, institutrice, Russe d\u2019origine juive polonaise, sont un exemple d\u2019assimilation \u00e0 la sovi\u00e9tique, mais sont \u00e9galement typiques du creuset multiculturel que constitue la capitale Kazan, o\u00f9 s\u2019installe la famille l\u2019ann\u00e9e suivant sa naissance. \u00c0 la fois carrefour et centre, ce lieu au riche pass\u00e9 universitaire attire alors de nombreux intellectuels. Guba\u00efdulina, dont le grand-p\u00e8re paternel \u00e9tait un mollah, dira plus tard : \u00ab Je suis l\u2019endroit o\u00f9 l\u2019Orient rencontre l\u2019Occident&nbsp;\u00bb. Une ic\u00f4ne, d\u00e9couverte \u00e0 l\u2019\u00e2ge de cinq ans \u00e0 l\u2019occasion de vacances pass\u00e9es dans le village de Nijni Uslon sur les rives de la Volga, lui appara\u00eet comme une r\u00e9v\u00e9lation de sa propre conscience religieuse. Lors d\u2019une enfance \u00e0 Kazan d\u00e9crite comme particuli\u00e8rement terne, la musique qu\u2019elle pratique sur le piano offert par ses parents est un refuge. Pourtant, elle ressent t\u00f4t une distance entre ce \u00e0 quoi elle aspire et ce que lui impose le cadre scolaire, si bien qu\u2019elle d\u00e9veloppe un go\u00fbt marqu\u00e9 pour l\u2019improvisation et l\u2019exploration du potentiel du piano, notamment le jeu dans les cordes. Elle \u00e9tudie \u00e0 l\u2019Acad\u00e9mie de musique (1946-1949), puis au Conservatoire de Kazan (1949-1954), alors que son activit\u00e9 cr\u00e9atrice commence d\u00e8s le d\u00e9but des ann\u00e9es 1950.<\/p>\n\n\n\n<p>Outre une solide formation en piano au cours de laquelle l\u2019un de ses professeurs, Leopold Lukomski, lui fait d\u00e9couvrir la musique de Denisov, Gouba\u00efdoulina \u00e9tudie la composition avec Albert Leman. Mais ce sont les \u00e9tudes de composition \u00e0 Moscou \u00e0 partir de 1954 qui apportent \u00e0 Gouba\u00efdoulina une v\u00e9ritable ouverture musicale, alors que tout ce qui vient de l\u2019Ouest est interdit. Nikola\u00ef Pe\u00efko, assistant de&nbsp;<a href=\"https:\/\/ressources.ircam.fr\/composer\/dimitri-chostakovitch\/biography\">Chostakovitch<\/a>, l\u2019initie \u00e0 Mahler,&nbsp;<a href=\"https:\/\/ressources.ircam.fr\/composer\/arnold-schoenberg\/biography\">Schoenberg<\/a>&nbsp;et&nbsp;<a href=\"https:\/\/ressources.ircam.fr\/composer\/igor-stravinsky\/biography\">Stravinsky<\/a>. D\u00e9j\u00e0, elle manifeste une tendance \u00e0 d\u00e9vier du droit chemin esth\u00e9tique jdanovien \u2013 \u00e0 peine assoupli par le processus de d\u00e9stalinisation timidement entam\u00e9 depuis 1953 \u2013, tendance qu\u2019encourage discr\u00e8tement&nbsp;<a href=\"https:\/\/ressources.ircam.fr\/composer\/dimitri-chostakovitch\/biography\">Chostakovitch<\/a>&nbsp;\u00e0 l\u2019occasion d\u2019un examen de fin de cycle. Pendant son&nbsp;<em>Aspirantur<\/em>&nbsp;sous la supervision de&nbsp;<a href=\"https:\/\/ressources.ircam.fr\/composer\/vissarion-chebaline\/biography\">Vissarion Chebaline<\/a>&nbsp;(1959-1962), elle se livre \u00e0 des exp\u00e9riences avec le mat\u00e9riau folklorique tatare et la musique \u00e9lectronique. Elle s\u2019int\u00e9resse au synth\u00e9tiseur opto-\u00e9lectronique ANS de Yevgeny Murzin, instrument avec lequel elle r\u00e9alise en 1970 une pi\u00e8ce \u00e9lectronique. Dans les ann\u00e9es 1960, Philipp Herschkowitz, juif roumain qui avait \u00e9tudi\u00e9 avec&nbsp;<a href=\"https:\/\/ressources.ircam.fr\/composer\/anton-webern\/biography\">Webern<\/a>, joue un r\u00f4le important de passeur, gr\u00e2ce \u00e0 son enseignement clandestin \u00e0 Moscou, dont l\u2019influence sur Gouba\u00efdoulina est \u00e9vidente, m\u00eame si cette derni\u00e8re n\u2019applique jamais avec rigueur une combinatoire s\u00e9rielle.<\/p>\n\n\n\n<p>Dans un contexte politique o\u00f9 les nouvelles \u0153uvres musicales doivent \u00eatre valid\u00e9es par la puissante Union des compositeurs, toute audace novatrice expose les compositeurs \u00e0 un blocage. L\u2019activit\u00e9 que Guba\u00efdulina commence \u00e0 d\u00e9velopper dans le domaine de la musique de film \u00e0 partir de 1964 (essentiellement des films d\u2019animation dans un premier temps) lui assure des revenus au moment o\u00f9 sa musique, comme celle de ses confr\u00e8res&nbsp;<a href=\"https:\/\/ressources.ircam.fr\/composer\/alfred-schnittke\/biography\">Alfred Schnittke<\/a>, Edison Denisov, Viktor Suslin et&nbsp;<a href=\"https:\/\/ressources.ircam.fr\/composer\/viatcheslav-artiomov\/biography\">Viatcheslav Artiomov<\/a>&nbsp;entre autres, est officiellement interdite d\u2019ex\u00e9cution publique au d\u00e9but des ann\u00e9es 1970. En 1975, le groupe d\u2019improvisation Astreia, fond\u00e9 avec&nbsp;<a href=\"https:\/\/ressources.ircam.fr\/composer\/viatcheslav-artiomov\/biography\">Artiomov<\/a>&nbsp;et Suslin, lui permet, jusqu\u2019en 1981 \u2013 l\u2019\u00e9migration de Suslin mettant une fin provisoire aux activit\u00e9s du groupe \u2013, une pratique musicale libre qui compense en partie la frustration de devoir composer dans la clandestinit\u00e9. Elle est inqui\u00e9t\u00e9e \u00e0 la m\u00eame \u00e9poque par le KGB \u00e0 cause des activit\u00e9s d\u2019\u00e9dition clandestine de son second mari, Nicolas (Nikola\u00ef) Bokov. Alors qu\u2019elle commence \u00e0 \u00eatre jou\u00e9e \u00e0 l\u2019\u00e9tranger dans les ann\u00e9es 1970, elle voit en 1979 son nom inscrit sur une liste noire de l\u2019Union des compositeurs. La cr\u00e9ation \u00e0 Vienne en 1981 de son concerto pour violon&nbsp;<em><a href=\"https:\/\/ressources.ircam.fr\/work\/offertorium\">Offertorium<\/a><\/em>&nbsp;par Gidon Kremer marque le d\u00e9but de sa reconnaissance internationale. La compositrice voyage hors de l\u2019URSS pour la premi\u00e8re fois en 1984, \u00e0 l\u2019occasion d\u2019un festival en Finlande. \u00c0 la lev\u00e9e en 1986 des restrictions de sortie du territoire, elle est en mesure d\u2019assister de plus en plus souvent \u00e0 la cr\u00e9ation de ses \u0153uvres dans les pays de l\u2019Ouest. Elle re\u00e7oit alors un nombre croissant de prix et de r\u00e9compenses honorifiques. \u00c0 l\u2019\u00e9t\u00e9 1992, elle \u00e9migre vers l\u2019Allemagne, s\u2019\u00e9tablissant \u00e0 Appen, \u00e0 proximit\u00e9 de Hambourg o\u00f9 elle r\u00e9side jusqu&rsquo;\u00e0 la fin de sa vie.<\/p>\n\n\n\n<hr class=\"wp-block-separator has-alpha-channel-opacity\"\/>\n\n\n\n<h4 class=\"wp-block-heading\">Surprise !<\/h4>\n\n\n\n<p>Vous avez pu lire que Sofia Guba\u00efdulina a compos\u00e9 quantit\u00e9 de musique de film, principalement d&rsquo;animation, avec le double avantage de pouvoir gagner sa vie et de ne pas \u00eatre censur\u00e9e par l&rsquo;Union des compositeurs sovi\u00e9tiques qui ne s&rsquo;int\u00e9ressait pas \u00e0 ce genre musical.<\/p>\n\n\n\n<blockquote class=\"wp-block-quote is-layout-flow wp-block-quote-is-layout-flow\">\n<p class=\"has-text-align-left\" style=\"font-size:16px\">Il s&rsquo;agit de la premi\u00e8re adaptation cin\u00e9matographique de l&rsquo;\u0153uvre de&nbsp;<a href=\"https:\/\/fr.wikipedia.org\/wiki\/Rudyard_Kipling\" target=\"_blank\" rel=\"noreferrer noopener\">Rudyard Kipling<\/a>, sortie le 1er janvier 1967.&nbsp;Elle s&rsquo;av\u00e8re un contraste int\u00e9ressant avec le&nbsp;Disney&nbsp;<a href=\"https:\/\/fr.wikipedia.org\/wiki\/Le_Livre_de_la_jungle_(film,_1967)\" target=\"_blank\" rel=\"noreferrer noopener\">Jungle Book<\/a>, \u00e9tant plus fid\u00e8le au contenu \u00e9pique et primitif de l&rsquo;\u0153uvre originale de Kipling.&nbsp;L&rsquo;adaptation de Soyuzmultfilm&nbsp;est apparue plus adulte et, dans l&rsquo;esprit, plus proche du livre de Kipling. Il y a des sc\u00e8nes de combats de masse et de duels, le sang et la mort sont montr\u00e9s, il y a une atmosph\u00e8re charg\u00e9e et du&nbsp;suspense. Les th\u00e8mes de la vie et de la mort, de la dette et des sentiments, de l&rsquo;h\u00e9ro\u00efsme du guerrier et de l&rsquo;essence humaine sont abord\u00e9s :<br><br>Deux \u00e9pisodes se terminent par des images de mort, la danse de Kaa (le serpent boa) et le chant d&rsquo;Akela (le chef dela meute des loups). Kaa est l&rsquo;incarnation du pouvoir absolu, sans pr\u00e9cipitation et en m\u00eame temps in\u00e9vitable. En mourant dans le final du quatri\u00e8me \u00e9pisode, Akela incarne l&rsquo;arch\u00e9type du guerrier qui rencontre dignement la mort au combat et part pour les champs de la chasse heureuse&#8230; En d&rsquo;autres termes, les auteurs nous ont dit que l&rsquo;enfance se termine lorsque l&rsquo;on d\u00e9couvre que la mort existe, et la jeunesse &#8211; lorsqu&rsquo;une personne proche meurt. Si vous voulez, c&rsquo;est quand vous vous rendez compte que vous allez mourir vous-m\u00eame&#8230;<br><br><strong><em>Sergey Kuznetsov<\/em><\/strong>,&nbsp;<em><a href=\"https:\/\/en.wikipedia.org\/wiki\/Iskusstvo_Kino\">Iskusstvo Kino<\/a><\/em><sup><a href=\"https:\/\/en.wikipedia.org\/wiki\/Adventures_of_Mowgli#cite_note-5\">[5]<\/a><\/sup>.<br><em>(Extrait de Wikip\u00e9dia)<\/em><\/p>\n<\/blockquote>\n\n\n\n<p>Voici donc un petit cadeau pour les enfants (petits et grands !) : les 9 derni\u00e8res minutes de <strong><em><a href=\"https:\/\/en.wikipedia.org\/wiki\/Adventures_of_Mowgli\" target=\"_blank\" rel=\"noreferrer noopener\">Mowgli<\/a><\/em><\/strong> (1973). J&rsquo;ai choisi la fin dans laquelle il y a peu de dialogue (en russe) et beaucoup de musique !<\/p>\n\n\n\n<figure class=\"wp-block-embed is-type-video is-provider-youtube wp-block-embed-youtube wp-embed-aspect-4-3 wp-has-aspect-ratio\"><div class=\"wp-block-embed__wrapper\">\n<iframe loading=\"lazy\" title=\"Maugli 1973 HDRip  scarabey org\" width=\"760\" height=\"570\" src=\"https:\/\/www.youtube.com\/embed\/wnPuhO4ps1E?start=5199&#038;feature=oembed\" frameborder=\"0\" allow=\"accelerometer; autoplay; clipboard-write; encrypted-media; gyroscope; picture-in-picture; web-share\" referrerpolicy=\"strict-origin-when-cross-origin\" allowfullscreen><\/iframe>\n<\/div><\/figure>\n\n\n\n<div style=\"height:10px\" aria-hidden=\"true\" class=\"wp-block-spacer\"><\/div>\n\n\n\n<p>J&rsquo;ajoute que de nombreuses personnes sont r\u00e9ticentes, voire allergiques \u00e0 la musique contemporaine, alors qu&rsquo;elle est quasiment omnipr\u00e9sente dans les films et les s\u00e9ries&#8230; Peut-\u00eatre y pr\u00eaterez-vous davantage l&rsquo;oreille ?&#8230; <\/p>\n\n\n\n<hr class=\"wp-block-separator has-alpha-channel-opacity\"\/>\n","protected":false},"excerpt":{"rendered":"<p>Compositrice russe d\u2019origine tatare, figure majeure de la musique spirituelle contemporaine.<br \/>\nR\u00e9v\u00e9l\u00e9e par Offertorium (1980), elle a cherch\u00e9 toute sa vie \u00e0 unir sonorit\u00e9 et foi int\u00e9rieure.<br \/>\nInstall\u00e9e en Allemagne depuis 1992, elle s\u2019\u00e9teint en 2025, laissant une \u0153uvre visionnaire et mystique.<\/p>\n","protected":false},"author":1,"featured_media":7098,"comment_status":"open","ping_status":"closed","sticky":false,"template":"","format":"standard","meta":{"rop_custom_images_group":[],"rop_custom_messages_group":[],"rop_publish_now":"yes","rop_publish_now_accounts":[],"rop_publish_now_history":[],"rop_publish_now_status":"pending","footnotes":""},"categories":[99,17],"tags":[],"class_list":["post-7096","post","type-post","status-publish","format-standard","has-post-thumbnail","hentry","category-ecoutes-fr-fr","category-ecoutes-fr"],"yoast_head":"<!-- This site is optimized with the Yoast SEO plugin v27.4 - https:\/\/yoast.com\/product\/yoast-seo-wordpress\/ -->\n<title>\u00c9coute musicale n\u00b073  Sofia Guba\u00efdulina - Pigyki<\/title>\n<meta name=\"description\" content=\"Sofia Guba\u00efdulina, figure majeure de la musique spirituelle contemporaine, a cherch\u00e9 toute sa vie \u00e0 unir sonorit\u00e9 et foi int\u00e9rieure.\" \/>\n<meta name=\"robots\" content=\"index, follow, max-snippet:-1, max-image-preview:large, max-video-preview:-1\" \/>\n<link rel=\"canonical\" href=\"https:\/\/pigyki.fr\/index.php\/2025\/10\/13\/ecoute-musicale-n73-sofia-gubaidulina\/\" \/>\n<meta property=\"og:locale\" content=\"fr_FR\" \/>\n<meta property=\"og:type\" content=\"article\" \/>\n<meta property=\"og:title\" content=\"\u00c9coute musicale n\u00b073  Sofia Guba\u00efdulina - Pigyki\" \/>\n<meta property=\"og:description\" content=\"Sofia Guba\u00efdulina, figure majeure de la musique spirituelle contemporaine, a cherch\u00e9 toute sa vie \u00e0 unir sonorit\u00e9 et foi int\u00e9rieure.\" \/>\n<meta property=\"og:url\" content=\"https:\/\/pigyki.fr\/index.php\/2025\/10\/13\/ecoute-musicale-n73-sofia-gubaidulina\/\" \/>\n<meta property=\"og:site_name\" content=\"Pigyki\" \/>\n<meta property=\"article:published_time\" content=\"2025-10-13T14:11:30+00:00\" \/>\n<meta property=\"article:modified_time\" content=\"2025-10-19T16:34:19+00:00\" \/>\n<meta property=\"og:image\" content=\"https:\/\/pigyki.fr\/wp-content\/uploads\/2025\/10\/image.png\" \/>\n\t<meta property=\"og:image:width\" content=\"278\" \/>\n\t<meta property=\"og:image:height\" content=\"181\" \/>\n\t<meta property=\"og:image:type\" content=\"image\/png\" \/>\n<meta name=\"author\" content=\"Pigyki\" \/>\n<meta name=\"twitter:card\" content=\"summary_large_image\" \/>\n<meta name=\"twitter:label1\" content=\"\u00c9crit par\" \/>\n\t<meta name=\"twitter:data1\" content=\"Pigyki\" \/>\n\t<meta name=\"twitter:label2\" content=\"Dur\u00e9e de lecture estim\u00e9e\" \/>\n\t<meta name=\"twitter:data2\" content=\"15 minutes\" \/>\n<script type=\"application\/ld+json\" class=\"yoast-schema-graph\">{\"@context\":\"https:\\\/\\\/schema.org\",\"@graph\":[{\"@type\":\"Article\",\"@id\":\"https:\\\/\\\/pigyki.fr\\\/index.php\\\/2025\\\/10\\\/13\\\/ecoute-musicale-n73-sofia-gubaidulina\\\/#article\",\"isPartOf\":{\"@id\":\"https:\\\/\\\/pigyki.fr\\\/index.php\\\/2025\\\/10\\\/13\\\/ecoute-musicale-n73-sofia-gubaidulina\\\/\"},\"author\":{\"name\":\"Pigyki\",\"@id\":\"https:\\\/\\\/pigyki.fr\\\/#\\\/schema\\\/person\\\/69b76bc8a17bddaf3ffd40d3cc9a4161\"},\"headline\":\"\u00c9coute musicale n\u00b073 Sofia Guba\u00efdulina\",\"datePublished\":\"2025-10-13T14:11:30+00:00\",\"dateModified\":\"2025-10-19T16:34:19+00:00\",\"mainEntityOfPage\":{\"@id\":\"https:\\\/\\\/pigyki.fr\\\/index.php\\\/2025\\\/10\\\/13\\\/ecoute-musicale-n73-sofia-gubaidulina\\\/\"},\"wordCount\":4048,\"commentCount\":0,\"publisher\":{\"@id\":\"https:\\\/\\\/pigyki.fr\\\/#\\\/schema\\\/person\\\/69b76bc8a17bddaf3ffd40d3cc9a4161\"},\"image\":{\"@id\":\"https:\\\/\\\/pigyki.fr\\\/index.php\\\/2025\\\/10\\\/13\\\/ecoute-musicale-n73-sofia-gubaidulina\\\/#primaryimage\"},\"thumbnailUrl\":\"https:\\\/\\\/pigyki.fr\\\/wp-content\\\/uploads\\\/2025\\\/10\\\/image.png\",\"articleSection\":[\"\u00c9coutes\",\"Tous les articles des \u00e9coutes publi\u00e9es\"],\"inLanguage\":\"fr-FR\",\"potentialAction\":[{\"@type\":\"CommentAction\",\"name\":\"Comment\",\"target\":[\"https:\\\/\\\/pigyki.fr\\\/index.php\\\/2025\\\/10\\\/13\\\/ecoute-musicale-n73-sofia-gubaidulina\\\/#respond\"]}]},{\"@type\":\"WebPage\",\"@id\":\"https:\\\/\\\/pigyki.fr\\\/index.php\\\/2025\\\/10\\\/13\\\/ecoute-musicale-n73-sofia-gubaidulina\\\/\",\"url\":\"https:\\\/\\\/pigyki.fr\\\/index.php\\\/2025\\\/10\\\/13\\\/ecoute-musicale-n73-sofia-gubaidulina\\\/\",\"name\":\"\u00c9coute musicale n\u00b073 Sofia Guba\u00efdulina - Pigyki\",\"isPartOf\":{\"@id\":\"https:\\\/\\\/pigyki.fr\\\/#website\"},\"primaryImageOfPage\":{\"@id\":\"https:\\\/\\\/pigyki.fr\\\/index.php\\\/2025\\\/10\\\/13\\\/ecoute-musicale-n73-sofia-gubaidulina\\\/#primaryimage\"},\"image\":{\"@id\":\"https:\\\/\\\/pigyki.fr\\\/index.php\\\/2025\\\/10\\\/13\\\/ecoute-musicale-n73-sofia-gubaidulina\\\/#primaryimage\"},\"thumbnailUrl\":\"https:\\\/\\\/pigyki.fr\\\/wp-content\\\/uploads\\\/2025\\\/10\\\/image.png\",\"datePublished\":\"2025-10-13T14:11:30+00:00\",\"dateModified\":\"2025-10-19T16:34:19+00:00\",\"description\":\"Sofia Guba\u00efdulina, figure majeure de la musique spirituelle contemporaine, a cherch\u00e9 toute sa vie \u00e0 unir sonorit\u00e9 et foi int\u00e9rieure.\",\"breadcrumb\":{\"@id\":\"https:\\\/\\\/pigyki.fr\\\/index.php\\\/2025\\\/10\\\/13\\\/ecoute-musicale-n73-sofia-gubaidulina\\\/#breadcrumb\"},\"inLanguage\":\"fr-FR\",\"potentialAction\":[{\"@type\":\"ReadAction\",\"target\":[\"https:\\\/\\\/pigyki.fr\\\/index.php\\\/2025\\\/10\\\/13\\\/ecoute-musicale-n73-sofia-gubaidulina\\\/\"]}]},{\"@type\":\"ImageObject\",\"inLanguage\":\"fr-FR\",\"@id\":\"https:\\\/\\\/pigyki.fr\\\/index.php\\\/2025\\\/10\\\/13\\\/ecoute-musicale-n73-sofia-gubaidulina\\\/#primaryimage\",\"url\":\"https:\\\/\\\/pigyki.fr\\\/wp-content\\\/uploads\\\/2025\\\/10\\\/image.png\",\"contentUrl\":\"https:\\\/\\\/pigyki.fr\\\/wp-content\\\/uploads\\\/2025\\\/10\\\/image.png\",\"width\":278,\"height\":181,\"caption\":\"Sofia Guba\u00efdulina\"},{\"@type\":\"BreadcrumbList\",\"@id\":\"https:\\\/\\\/pigyki.fr\\\/index.php\\\/2025\\\/10\\\/13\\\/ecoute-musicale-n73-sofia-gubaidulina\\\/#breadcrumb\",\"itemListElement\":[{\"@type\":\"ListItem\",\"position\":1,\"name\":\"Accueil\",\"item\":\"https:\\\/\\\/pigyki.fr\\\/\"},{\"@type\":\"ListItem\",\"position\":2,\"name\":\"\u00c9coute musicale n\u00b073 Sofia Guba\u00efdulina\"}]},{\"@type\":\"WebSite\",\"@id\":\"https:\\\/\\\/pigyki.fr\\\/#website\",\"url\":\"https:\\\/\\\/pigyki.fr\\\/\",\"name\":\"Pigyki\",\"description\":\"C.L. al fine\",\"publisher\":{\"@id\":\"https:\\\/\\\/pigyki.fr\\\/#\\\/schema\\\/person\\\/69b76bc8a17bddaf3ffd40d3cc9a4161\"},\"potentialAction\":[{\"@type\":\"SearchAction\",\"target\":{\"@type\":\"EntryPoint\",\"urlTemplate\":\"https:\\\/\\\/pigyki.fr\\\/?s={search_term_string}\"},\"query-input\":{\"@type\":\"PropertyValueSpecification\",\"valueRequired\":true,\"valueName\":\"search_term_string\"}}],\"inLanguage\":\"fr-FR\"},{\"@type\":[\"Person\",\"Organization\"],\"@id\":\"https:\\\/\\\/pigyki.fr\\\/#\\\/schema\\\/person\\\/69b76bc8a17bddaf3ffd40d3cc9a4161\",\"name\":\"Pigyki\",\"image\":{\"@type\":\"ImageObject\",\"inLanguage\":\"fr-FR\",\"@id\":\"https:\\\/\\\/pigyki.fr\\\/wp-content\\\/uploads\\\/2023\\\/06\\\/Logo-CL.jpg\",\"url\":\"https:\\\/\\\/pigyki.fr\\\/wp-content\\\/uploads\\\/2023\\\/06\\\/Logo-CL.jpg\",\"contentUrl\":\"https:\\\/\\\/pigyki.fr\\\/wp-content\\\/uploads\\\/2023\\\/06\\\/Logo-CL.jpg\",\"width\":524,\"height\":586,\"caption\":\"Pigyki\"},\"logo\":{\"@id\":\"https:\\\/\\\/pigyki.fr\\\/wp-content\\\/uploads\\\/2023\\\/06\\\/Logo-CL.jpg\"},\"sameAs\":[\"http:\\\/\\\/pigyki.fr\"],\"url\":\"https:\\\/\\\/pigyki.fr\\\/index.php\\\/author\\\/admin4451\\\/\"}]}<\/script>\n<!-- \/ Yoast SEO plugin. -->","yoast_head_json":{"title":"\u00c9coute musicale n\u00b073  Sofia Guba\u00efdulina - Pigyki","description":"Sofia Guba\u00efdulina, figure majeure de la musique spirituelle contemporaine, a cherch\u00e9 toute sa vie \u00e0 unir sonorit\u00e9 et foi int\u00e9rieure.","robots":{"index":"index","follow":"follow","max-snippet":"max-snippet:-1","max-image-preview":"max-image-preview:large","max-video-preview":"max-video-preview:-1"},"canonical":"https:\/\/pigyki.fr\/index.php\/2025\/10\/13\/ecoute-musicale-n73-sofia-gubaidulina\/","og_locale":"fr_FR","og_type":"article","og_title":"\u00c9coute musicale n\u00b073  Sofia Guba\u00efdulina - Pigyki","og_description":"Sofia Guba\u00efdulina, figure majeure de la musique spirituelle contemporaine, a cherch\u00e9 toute sa vie \u00e0 unir sonorit\u00e9 et foi int\u00e9rieure.","og_url":"https:\/\/pigyki.fr\/index.php\/2025\/10\/13\/ecoute-musicale-n73-sofia-gubaidulina\/","og_site_name":"Pigyki","article_published_time":"2025-10-13T14:11:30+00:00","article_modified_time":"2025-10-19T16:34:19+00:00","og_image":[{"width":278,"height":181,"url":"https:\/\/pigyki.fr\/wp-content\/uploads\/2025\/10\/image.png","type":"image\/png"}],"author":"Pigyki","twitter_card":"summary_large_image","twitter_misc":{"\u00c9crit par":"Pigyki","Dur\u00e9e de lecture estim\u00e9e":"15 minutes"},"schema":{"@context":"https:\/\/schema.org","@graph":[{"@type":"Article","@id":"https:\/\/pigyki.fr\/index.php\/2025\/10\/13\/ecoute-musicale-n73-sofia-gubaidulina\/#article","isPartOf":{"@id":"https:\/\/pigyki.fr\/index.php\/2025\/10\/13\/ecoute-musicale-n73-sofia-gubaidulina\/"},"author":{"name":"Pigyki","@id":"https:\/\/pigyki.fr\/#\/schema\/person\/69b76bc8a17bddaf3ffd40d3cc9a4161"},"headline":"\u00c9coute musicale n\u00b073 Sofia Guba\u00efdulina","datePublished":"2025-10-13T14:11:30+00:00","dateModified":"2025-10-19T16:34:19+00:00","mainEntityOfPage":{"@id":"https:\/\/pigyki.fr\/index.php\/2025\/10\/13\/ecoute-musicale-n73-sofia-gubaidulina\/"},"wordCount":4048,"commentCount":0,"publisher":{"@id":"https:\/\/pigyki.fr\/#\/schema\/person\/69b76bc8a17bddaf3ffd40d3cc9a4161"},"image":{"@id":"https:\/\/pigyki.fr\/index.php\/2025\/10\/13\/ecoute-musicale-n73-sofia-gubaidulina\/#primaryimage"},"thumbnailUrl":"https:\/\/pigyki.fr\/wp-content\/uploads\/2025\/10\/image.png","articleSection":["\u00c9coutes","Tous les articles des \u00e9coutes publi\u00e9es"],"inLanguage":"fr-FR","potentialAction":[{"@type":"CommentAction","name":"Comment","target":["https:\/\/pigyki.fr\/index.php\/2025\/10\/13\/ecoute-musicale-n73-sofia-gubaidulina\/#respond"]}]},{"@type":"WebPage","@id":"https:\/\/pigyki.fr\/index.php\/2025\/10\/13\/ecoute-musicale-n73-sofia-gubaidulina\/","url":"https:\/\/pigyki.fr\/index.php\/2025\/10\/13\/ecoute-musicale-n73-sofia-gubaidulina\/","name":"\u00c9coute musicale n\u00b073 Sofia Guba\u00efdulina - Pigyki","isPartOf":{"@id":"https:\/\/pigyki.fr\/#website"},"primaryImageOfPage":{"@id":"https:\/\/pigyki.fr\/index.php\/2025\/10\/13\/ecoute-musicale-n73-sofia-gubaidulina\/#primaryimage"},"image":{"@id":"https:\/\/pigyki.fr\/index.php\/2025\/10\/13\/ecoute-musicale-n73-sofia-gubaidulina\/#primaryimage"},"thumbnailUrl":"https:\/\/pigyki.fr\/wp-content\/uploads\/2025\/10\/image.png","datePublished":"2025-10-13T14:11:30+00:00","dateModified":"2025-10-19T16:34:19+00:00","description":"Sofia Guba\u00efdulina, figure majeure de la musique spirituelle contemporaine, a cherch\u00e9 toute sa vie \u00e0 unir sonorit\u00e9 et foi int\u00e9rieure.","breadcrumb":{"@id":"https:\/\/pigyki.fr\/index.php\/2025\/10\/13\/ecoute-musicale-n73-sofia-gubaidulina\/#breadcrumb"},"inLanguage":"fr-FR","potentialAction":[{"@type":"ReadAction","target":["https:\/\/pigyki.fr\/index.php\/2025\/10\/13\/ecoute-musicale-n73-sofia-gubaidulina\/"]}]},{"@type":"ImageObject","inLanguage":"fr-FR","@id":"https:\/\/pigyki.fr\/index.php\/2025\/10\/13\/ecoute-musicale-n73-sofia-gubaidulina\/#primaryimage","url":"https:\/\/pigyki.fr\/wp-content\/uploads\/2025\/10\/image.png","contentUrl":"https:\/\/pigyki.fr\/wp-content\/uploads\/2025\/10\/image.png","width":278,"height":181,"caption":"Sofia Guba\u00efdulina"},{"@type":"BreadcrumbList","@id":"https:\/\/pigyki.fr\/index.php\/2025\/10\/13\/ecoute-musicale-n73-sofia-gubaidulina\/#breadcrumb","itemListElement":[{"@type":"ListItem","position":1,"name":"Accueil","item":"https:\/\/pigyki.fr\/"},{"@type":"ListItem","position":2,"name":"\u00c9coute musicale n\u00b073 Sofia Guba\u00efdulina"}]},{"@type":"WebSite","@id":"https:\/\/pigyki.fr\/#website","url":"https:\/\/pigyki.fr\/","name":"Pigyki","description":"C.L. al fine","publisher":{"@id":"https:\/\/pigyki.fr\/#\/schema\/person\/69b76bc8a17bddaf3ffd40d3cc9a4161"},"potentialAction":[{"@type":"SearchAction","target":{"@type":"EntryPoint","urlTemplate":"https:\/\/pigyki.fr\/?s={search_term_string}"},"query-input":{"@type":"PropertyValueSpecification","valueRequired":true,"valueName":"search_term_string"}}],"inLanguage":"fr-FR"},{"@type":["Person","Organization"],"@id":"https:\/\/pigyki.fr\/#\/schema\/person\/69b76bc8a17bddaf3ffd40d3cc9a4161","name":"Pigyki","image":{"@type":"ImageObject","inLanguage":"fr-FR","@id":"https:\/\/pigyki.fr\/wp-content\/uploads\/2023\/06\/Logo-CL.jpg","url":"https:\/\/pigyki.fr\/wp-content\/uploads\/2023\/06\/Logo-CL.jpg","contentUrl":"https:\/\/pigyki.fr\/wp-content\/uploads\/2023\/06\/Logo-CL.jpg","width":524,"height":586,"caption":"Pigyki"},"logo":{"@id":"https:\/\/pigyki.fr\/wp-content\/uploads\/2023\/06\/Logo-CL.jpg"},"sameAs":["http:\/\/pigyki.fr"],"url":"https:\/\/pigyki.fr\/index.php\/author\/admin4451\/"}]}},"_links":{"self":[{"href":"https:\/\/pigyki.fr\/index.php\/wp-json\/wp\/v2\/posts\/7096","targetHints":{"allow":["GET"]}}],"collection":[{"href":"https:\/\/pigyki.fr\/index.php\/wp-json\/wp\/v2\/posts"}],"about":[{"href":"https:\/\/pigyki.fr\/index.php\/wp-json\/wp\/v2\/types\/post"}],"author":[{"embeddable":true,"href":"https:\/\/pigyki.fr\/index.php\/wp-json\/wp\/v2\/users\/1"}],"replies":[{"embeddable":true,"href":"https:\/\/pigyki.fr\/index.php\/wp-json\/wp\/v2\/comments?post=7096"}],"version-history":[{"count":67,"href":"https:\/\/pigyki.fr\/index.php\/wp-json\/wp\/v2\/posts\/7096\/revisions"}],"predecessor-version":[{"id":7244,"href":"https:\/\/pigyki.fr\/index.php\/wp-json\/wp\/v2\/posts\/7096\/revisions\/7244"}],"wp:featuredmedia":[{"embeddable":true,"href":"https:\/\/pigyki.fr\/index.php\/wp-json\/wp\/v2\/media\/7098"}],"wp:attachment":[{"href":"https:\/\/pigyki.fr\/index.php\/wp-json\/wp\/v2\/media?parent=7096"}],"wp:term":[{"taxonomy":"category","embeddable":true,"href":"https:\/\/pigyki.fr\/index.php\/wp-json\/wp\/v2\/categories?post=7096"},{"taxonomy":"post_tag","embeddable":true,"href":"https:\/\/pigyki.fr\/index.php\/wp-json\/wp\/v2\/tags?post=7096"}],"curies":[{"name":"wp","href":"https:\/\/api.w.org\/{rel}","templated":true}]}}