{"id":1125,"date":"2024-01-16T09:27:56","date_gmt":"2024-01-16T08:27:56","guid":{"rendered":"https:\/\/pigyki.fr\/?p=1125"},"modified":"2024-01-19T22:26:09","modified_gmt":"2024-01-19T21:26:09","slug":"podemos-hablar-de-disciplina","status":"publish","type":"post","link":"https:\/\/pigyki.fr\/index.php\/es\/2024\/01\/16\/podemos-hablar-de-disciplina\/","title":{"rendered":"La disciplina en cuesti\u00f3n"},"content":{"rendered":"\n<h2 class=\"wp-block-heading\">Autoridad, disciplina, \u00bftienen estas palabras su lugar en la pedagog\u00eda Willems\u00ae?<br>Si es as\u00ed, \u00bfa qu\u00e9 nivel?<\/h2>\n\n\n\n<p style=\"font-size:18px\">La cuesti\u00f3n de la disciplina en las clases de iniciaci\u00f3n a la m\u00fasica se plantea con frecuencia en los cursos de formaci\u00f3n. A menudo se lo preguntan profesores j\u00f3venes e inexpertos, lo cual es bastante natural.<\/p>\n\n\n\n<p style=\"font-size:18px\">El prop\u00f3sito de este art\u00edculo no es ofrecer soluciones m\u00e1gicas a dificultades que son tan variadas como las situaciones y las personas afectadas.<br>La idea es m\u00e1s bien pedir a nuestros lectores que compartan sus pensamientos y experiencias, y as\u00ed decirles que no son los \u00fanicos que se enfrentan (o se han enfrentado) a esto.<\/p>\n\n\n\n<p style=\"font-size:18px\">Al haber trabajado en guarder\u00edas y escuelas primarias, he visto c\u00f3mo los ni\u00f1os pueden cambiar completamente su comportamiento de un a\u00f1o a otro, cuando cambia el profesor. La actitud del profesor parece ser el problema.<\/p>\n\n\n\n<p style=\"font-size:18px\">A veces vemos a los profesores completamente abrumados por sus alumnos, incluso en clases peque\u00f1as y a una edad muy temprana. Otras veces, tenemos la impresi\u00f3n de que el profesor tiene una especie de \u00ab\u00a0autoridad natural\u00a0\u00bb.<\/p>\n\n\n\n<p style=\"font-size:18px\">Para abrir el debate, propongo algunas ideas\u2026<\/p>\n\n\n\n<h2 class=\"wp-block-heading\">Observar<\/h2>\n\n\n\n<p style=\"font-size:18px\">Los profesores j\u00f3venes suelen saber m\u00e1s de m\u00fasica que de psicolog\u00eda infantil.<br>A veces tienen tantas ganas de compartir su amor por la m\u00fasica que olvidan los pasos necesarios para que el ni\u00f1o se adhiera a ella al mismo nivel.<\/p>\n\n\n\n<p style=\"font-size:18px\">Por lo tanto, el primer paso es la observaci\u00f3n minuciosa del ni\u00f1o, y del ni\u00f1o en el grupo.<br>Esto permite al profesor sentir cu\u00e1les son las necesidades del ni\u00f1o en ese momento, a veces muy alejadas de la actividad en curso, y por tanto evaluar la mejor manera de responder a ellas.<\/p>\n\n\n\n<p style=\"font-size:18px\">Pero mientras el profesor \u00ab\u00a0observa\u00a0\u00bb, \u00bfqui\u00e9n dirige la clase?<\/p>\n\n\n\n<p>Naturalmente, esta observaci\u00f3n se desarrolla con el tiempo\u2026<br>La herramienta ideal para progresar es el v\u00eddeo: filma tus clases y luego t\u00f3mate el tiempo de verlas, solo o con alguien m\u00e1s experimentado.<br>Pero eso no basta para resolver todos los problemas.<\/p>\n\n\n\n<h2 class=\"wp-block-heading\">\u00a1Silencio! \u2026 ?!<\/h2>\n\n\n\n<p style=\"font-size:18px\">El aprendizaje requiere calma, para favorecer la concentraci\u00f3n, y en el caso de la m\u00fasica, mucho silencio, para potenciar la escucha del sonido.<\/p>\n\n\n\n<p style=\"font-size:18px\">Por ello, puede resultar tentador imponer el silencio como requisito previo a la actividad.<br>Pero esto no garantiza la calidad de la escucha que esperamos.<br>Ni la participaci\u00f3n activa, inventiva y alegre que esperamos.<\/p>\n\n\n\n<p style=\"font-size:18px\">Puede resultar tentador confiar en el atractivo de la m\u00fasica para atraer el apoyo y la participaci\u00f3n activa y constructiva de los alumnos.<br>Pero como cada persona reacciona de manera diferente, no es seguro que la m\u00fasica se escuche o que los m\u00e1s t\u00edmidos la encuentren de su agrado\u2026<\/p>\n\n\n\n<h2 class=\"wp-block-heading\">\u00bfY qu\u00e9 pasa con Willems?<\/h2>\n\n\n\n<p style=\"font-size:18px\">Jacques Chapuis, Presidente y Fundador de AIEM-Willems, dijo que la canci\u00f3n \u00ab\u00a0Le g\u00e9ant\u00a0\u00bb naci\u00f3 de una situaci\u00f3n inesperada a la que Edgar Willems respondi\u00f3 a su manera:<br>Un d\u00eda entr\u00f3 en el aula y encontr\u00f3 a sus alumnos de pie sobre la mesa (era un grupo peque\u00f1o). En lugar de rega\u00f1arles, exclam\u00f3: \u00ab\u00a0\u00a1Oh, gigantes!\u00a0\u00bb, y se puso a cantar e improvisar la canci\u00f3n\u2026 \u00a1que todav\u00eda hoy sirve de referencia para el Tercer Menor!<\/p>\n\n\n\n<h2 class=\"wp-block-heading\">Preguntas<\/h2>\n\n\n\n<p style=\"font-size:18px\">Entonces, \u00bfpodemos, debemos intentar siempre \u00ab\u00a0musicalizar\u00a0\u00bb todas las situaciones?<\/p>\n\n\n\n<p style=\"font-size:18px\">\u00bfObservar las necesidades del ni\u00f1o lleva a satisfacer todos sus deseos?<\/p>\n\n\n\n<p style=\"font-size:18px\">Jacques Chapuis sol\u00eda decir que \u00ab\u00a0el ni\u00f1o es superior al adulto en cuanto a su potencial\u00a0\u00bb.<br>\u00bfSignifica esto que el ni\u00f1o siempre tiene raz\u00f3n?<\/p>\n\n\n\n<p style=\"font-size:18px\">\u00bfY en qu\u00e9 consiste esa \u00ab\u00a0autoridad natural\u00a0\u00bb mencionada? \u00bfSe puede adquirir?<\/p>\n\n\n\n<h2 class=\"wp-block-heading\">El debate est\u00e1 abierto<\/h2>\n\n\n\n<p style=\"font-size:18px\">El debate est\u00e1 abierto, no para abrir una pol\u00e9mica, sino para ayudar a nuestros j\u00f3venes profesores a ser m\u00e1s felices en su trabajo por los ni\u00f1os y la m\u00fasica.<\/p>\n\n\n\n<p style=\"font-size:18px\">Por favor, comente este art\u00edculo abajo.<\/p>\n","protected":false},"excerpt":{"rendered":"<p>\u00bfTienen cabida la autoridad y la disciplina en la pedagog\u00eda Willems\u00ae?<br \/>\nEn caso afirmativo, \u00bfa qu\u00e9 nivel?<br \/>\nArt\u00edculo para comentar&#8230;<\/p>\n","protected":false},"author":1,"featured_media":1127,"comment_status":"open","ping_status":"closed","sticky":false,"template":"","format":"standard","meta":{"rop_custom_images_group":[],"rop_custom_messages_group":[],"rop_publish_now":"initial","rop_publish_now_accounts":[],"rop_publish_now_history":[],"rop_publish_now_status":"pending","footnotes":""},"categories":[61,101,87],"tags":[],"class_list":["post-1125","post","type-post","status-publish","format-standard","has-post-thumbnail","hentry","category-pedagogia","category-pedagogia-2","category-pedagogie-es"],"yoast_head":"<!-- This site is optimized with the Yoast SEO plugin v27.5 - https:\/\/yoast.com\/product\/yoast-seo-wordpress\/ -->\n<title>La disciplina en cuesti\u00f3n - Pigyki<\/title>\n<meta name=\"robots\" content=\"index, follow, max-snippet:-1, max-image-preview:large, max-video-preview:-1\" \/>\n<link rel=\"canonical\" href=\"https:\/\/pigyki.fr\/index.php\/es\/2024\/01\/16\/podemos-hablar-de-disciplina\/\" \/>\n<meta property=\"og:locale\" content=\"fr_FR\" \/>\n<meta property=\"og:type\" content=\"article\" \/>\n<meta property=\"og:title\" content=\"La disciplina en cuesti\u00f3n - Pigyki\" \/>\n<meta property=\"og:description\" content=\"\u00bfTienen cabida la autoridad y la disciplina en la pedagog\u00eda Willems\u00ae? En caso afirmativo, \u00bfa qu\u00e9 nivel? Art\u00edculo para comentar...\" \/>\n<meta property=\"og:url\" content=\"https:\/\/pigyki.fr\/index.php\/es\/2024\/01\/16\/podemos-hablar-de-disciplina\/\" \/>\n<meta property=\"og:site_name\" content=\"Pigyki\" \/>\n<meta property=\"article:published_time\" content=\"2024-01-16T08:27:56+00:00\" \/>\n<meta property=\"article:modified_time\" content=\"2024-01-19T21:26:09+00:00\" \/>\n<meta property=\"og:image\" content=\"https:\/\/pigyki.fr\/wp-content\/uploads\/2024\/01\/IMG_20210403_122036-scaled-e1635357881531-1-e1705394279530.jpg\" \/>\n\t<meta property=\"og:image:width\" content=\"2560\" \/>\n\t<meta property=\"og:image:height\" content=\"1292\" \/>\n\t<meta property=\"og:image:type\" content=\"image\/jpeg\" \/>\n<meta name=\"author\" content=\"Pigyki\" \/>\n<meta name=\"twitter:card\" content=\"summary_large_image\" \/>\n<meta name=\"twitter:label1\" content=\"\u00c9crit par\" \/>\n\t<meta name=\"twitter:data1\" content=\"Pigyki\" \/>\n\t<meta name=\"twitter:label2\" content=\"Dur\u00e9e de lecture estim\u00e9e\" \/>\n\t<meta name=\"twitter:data2\" content=\"4 minutes\" \/>\n<script type=\"application\/ld+json\" class=\"yoast-schema-graph\">{\"@context\":\"https:\\\/\\\/schema.org\",\"@graph\":[{\"@type\":\"Article\",\"@id\":\"https:\\\/\\\/pigyki.fr\\\/index.php\\\/es\\\/2024\\\/01\\\/16\\\/podemos-hablar-de-disciplina\\\/#article\",\"isPartOf\":{\"@id\":\"https:\\\/\\\/pigyki.fr\\\/index.php\\\/es\\\/2024\\\/01\\\/16\\\/podemos-hablar-de-disciplina\\\/\"},\"author\":{\"name\":\"Pigyki\",\"@id\":\"https:\\\/\\\/pigyki.fr\\\/#\\\/schema\\\/person\\\/69b76bc8a17bddaf3ffd40d3cc9a4161\"},\"headline\":\"La disciplina en cuesti\u00f3n\",\"datePublished\":\"2024-01-16T08:27:56+00:00\",\"dateModified\":\"2024-01-19T21:26:09+00:00\",\"mainEntityOfPage\":{\"@id\":\"https:\\\/\\\/pigyki.fr\\\/index.php\\\/es\\\/2024\\\/01\\\/16\\\/podemos-hablar-de-disciplina\\\/\"},\"wordCount\":673,\"commentCount\":2,\"publisher\":{\"@id\":\"https:\\\/\\\/pigyki.fr\\\/#\\\/schema\\\/person\\\/69b76bc8a17bddaf3ffd40d3cc9a4161\"},\"image\":{\"@id\":\"https:\\\/\\\/pigyki.fr\\\/index.php\\\/es\\\/2024\\\/01\\\/16\\\/podemos-hablar-de-disciplina\\\/#primaryimage\"},\"thumbnailUrl\":\"https:\\\/\\\/pigyki.fr\\\/wp-content\\\/uploads\\\/2024\\\/01\\\/IMG_20210403_122036-scaled-e1635357881531-1-e1705394279530.jpg\",\"articleSection\":[\"Cuestiones pedag\u00f3gicas Art\u00edculos publicados\",\"Pedagog\u00eda\",\"P\u00e9dagogie\"],\"inLanguage\":\"fr-FR\",\"potentialAction\":[{\"@type\":\"CommentAction\",\"name\":\"Comment\",\"target\":[\"https:\\\/\\\/pigyki.fr\\\/index.php\\\/es\\\/2024\\\/01\\\/16\\\/podemos-hablar-de-disciplina\\\/#respond\"]}]},{\"@type\":\"WebPage\",\"@id\":\"https:\\\/\\\/pigyki.fr\\\/index.php\\\/es\\\/2024\\\/01\\\/16\\\/podemos-hablar-de-disciplina\\\/\",\"url\":\"https:\\\/\\\/pigyki.fr\\\/index.php\\\/es\\\/2024\\\/01\\\/16\\\/podemos-hablar-de-disciplina\\\/\",\"name\":\"La disciplina en cuesti\u00f3n - Pigyki\",\"isPartOf\":{\"@id\":\"https:\\\/\\\/pigyki.fr\\\/#website\"},\"primaryImageOfPage\":{\"@id\":\"https:\\\/\\\/pigyki.fr\\\/index.php\\\/es\\\/2024\\\/01\\\/16\\\/podemos-hablar-de-disciplina\\\/#primaryimage\"},\"image\":{\"@id\":\"https:\\\/\\\/pigyki.fr\\\/index.php\\\/es\\\/2024\\\/01\\\/16\\\/podemos-hablar-de-disciplina\\\/#primaryimage\"},\"thumbnailUrl\":\"https:\\\/\\\/pigyki.fr\\\/wp-content\\\/uploads\\\/2024\\\/01\\\/IMG_20210403_122036-scaled-e1635357881531-1-e1705394279530.jpg\",\"datePublished\":\"2024-01-16T08:27:56+00:00\",\"dateModified\":\"2024-01-19T21:26:09+00:00\",\"breadcrumb\":{\"@id\":\"https:\\\/\\\/pigyki.fr\\\/index.php\\\/es\\\/2024\\\/01\\\/16\\\/podemos-hablar-de-disciplina\\\/#breadcrumb\"},\"inLanguage\":\"fr-FR\",\"potentialAction\":[{\"@type\":\"ReadAction\",\"target\":[\"https:\\\/\\\/pigyki.fr\\\/index.php\\\/es\\\/2024\\\/01\\\/16\\\/podemos-hablar-de-disciplina\\\/\"]}]},{\"@type\":\"ImageObject\",\"inLanguage\":\"fr-FR\",\"@id\":\"https:\\\/\\\/pigyki.fr\\\/index.php\\\/es\\\/2024\\\/01\\\/16\\\/podemos-hablar-de-disciplina\\\/#primaryimage\",\"url\":\"https:\\\/\\\/pigyki.fr\\\/wp-content\\\/uploads\\\/2024\\\/01\\\/IMG_20210403_122036-scaled-e1635357881531-1-e1705394279530.jpg\",\"contentUrl\":\"https:\\\/\\\/pigyki.fr\\\/wp-content\\\/uploads\\\/2024\\\/01\\\/IMG_20210403_122036-scaled-e1635357881531-1-e1705394279530.jpg\",\"width\":2560,\"height\":1292},{\"@type\":\"BreadcrumbList\",\"@id\":\"https:\\\/\\\/pigyki.fr\\\/index.php\\\/es\\\/2024\\\/01\\\/16\\\/podemos-hablar-de-disciplina\\\/#breadcrumb\",\"itemListElement\":[{\"@type\":\"ListItem\",\"position\":1,\"name\":\"Accueil\",\"item\":\"https:\\\/\\\/pigyki.fr\\\/\"},{\"@type\":\"ListItem\",\"position\":2,\"name\":\"La disciplina en cuesti\u00f3n\"}]},{\"@type\":\"WebSite\",\"@id\":\"https:\\\/\\\/pigyki.fr\\\/#website\",\"url\":\"https:\\\/\\\/pigyki.fr\\\/\",\"name\":\"Pigyki\",\"description\":\"C.L. al fine\",\"publisher\":{\"@id\":\"https:\\\/\\\/pigyki.fr\\\/#\\\/schema\\\/person\\\/69b76bc8a17bddaf3ffd40d3cc9a4161\"},\"potentialAction\":[{\"@type\":\"SearchAction\",\"target\":{\"@type\":\"EntryPoint\",\"urlTemplate\":\"https:\\\/\\\/pigyki.fr\\\/?s={search_term_string}\"},\"query-input\":{\"@type\":\"PropertyValueSpecification\",\"valueRequired\":true,\"valueName\":\"search_term_string\"}}],\"inLanguage\":\"fr-FR\"},{\"@type\":[\"Person\",\"Organization\"],\"@id\":\"https:\\\/\\\/pigyki.fr\\\/#\\\/schema\\\/person\\\/69b76bc8a17bddaf3ffd40d3cc9a4161\",\"name\":\"Pigyki\",\"image\":{\"@type\":\"ImageObject\",\"inLanguage\":\"fr-FR\",\"@id\":\"https:\\\/\\\/pigyki.fr\\\/wp-content\\\/uploads\\\/2023\\\/06\\\/Logo-CL.jpg\",\"url\":\"https:\\\/\\\/pigyki.fr\\\/wp-content\\\/uploads\\\/2023\\\/06\\\/Logo-CL.jpg\",\"contentUrl\":\"https:\\\/\\\/pigyki.fr\\\/wp-content\\\/uploads\\\/2023\\\/06\\\/Logo-CL.jpg\",\"width\":524,\"height\":586,\"caption\":\"Pigyki\"},\"logo\":{\"@id\":\"https:\\\/\\\/pigyki.fr\\\/wp-content\\\/uploads\\\/2023\\\/06\\\/Logo-CL.jpg\"},\"sameAs\":[\"http:\\\/\\\/pigyki.fr\"],\"url\":\"https:\\\/\\\/pigyki.fr\\\/index.php\\\/author\\\/admin4451\\\/\"}]}<\/script>\n<!-- \/ Yoast SEO plugin. -->","yoast_head_json":{"title":"La disciplina en cuesti\u00f3n - Pigyki","robots":{"index":"index","follow":"follow","max-snippet":"max-snippet:-1","max-image-preview":"max-image-preview:large","max-video-preview":"max-video-preview:-1"},"canonical":"https:\/\/pigyki.fr\/index.php\/es\/2024\/01\/16\/podemos-hablar-de-disciplina\/","og_locale":"fr_FR","og_type":"article","og_title":"La disciplina en cuesti\u00f3n - Pigyki","og_description":"\u00bfTienen cabida la autoridad y la disciplina en la pedagog\u00eda Willems\u00ae? En caso afirmativo, \u00bfa qu\u00e9 nivel? Art\u00edculo para comentar...","og_url":"https:\/\/pigyki.fr\/index.php\/es\/2024\/01\/16\/podemos-hablar-de-disciplina\/","og_site_name":"Pigyki","article_published_time":"2024-01-16T08:27:56+00:00","article_modified_time":"2024-01-19T21:26:09+00:00","og_image":[{"width":2560,"height":1292,"url":"https:\/\/pigyki.fr\/wp-content\/uploads\/2024\/01\/IMG_20210403_122036-scaled-e1635357881531-1-e1705394279530.jpg","type":"image\/jpeg"}],"author":"Pigyki","twitter_card":"summary_large_image","twitter_misc":{"\u00c9crit par":"Pigyki","Dur\u00e9e de lecture estim\u00e9e":"4 minutes"},"schema":{"@context":"https:\/\/schema.org","@graph":[{"@type":"Article","@id":"https:\/\/pigyki.fr\/index.php\/es\/2024\/01\/16\/podemos-hablar-de-disciplina\/#article","isPartOf":{"@id":"https:\/\/pigyki.fr\/index.php\/es\/2024\/01\/16\/podemos-hablar-de-disciplina\/"},"author":{"name":"Pigyki","@id":"https:\/\/pigyki.fr\/#\/schema\/person\/69b76bc8a17bddaf3ffd40d3cc9a4161"},"headline":"La disciplina en cuesti\u00f3n","datePublished":"2024-01-16T08:27:56+00:00","dateModified":"2024-01-19T21:26:09+00:00","mainEntityOfPage":{"@id":"https:\/\/pigyki.fr\/index.php\/es\/2024\/01\/16\/podemos-hablar-de-disciplina\/"},"wordCount":673,"commentCount":2,"publisher":{"@id":"https:\/\/pigyki.fr\/#\/schema\/person\/69b76bc8a17bddaf3ffd40d3cc9a4161"},"image":{"@id":"https:\/\/pigyki.fr\/index.php\/es\/2024\/01\/16\/podemos-hablar-de-disciplina\/#primaryimage"},"thumbnailUrl":"https:\/\/pigyki.fr\/wp-content\/uploads\/2024\/01\/IMG_20210403_122036-scaled-e1635357881531-1-e1705394279530.jpg","articleSection":["Cuestiones pedag\u00f3gicas Art\u00edculos publicados","Pedagog\u00eda","P\u00e9dagogie"],"inLanguage":"fr-FR","potentialAction":[{"@type":"CommentAction","name":"Comment","target":["https:\/\/pigyki.fr\/index.php\/es\/2024\/01\/16\/podemos-hablar-de-disciplina\/#respond"]}]},{"@type":"WebPage","@id":"https:\/\/pigyki.fr\/index.php\/es\/2024\/01\/16\/podemos-hablar-de-disciplina\/","url":"https:\/\/pigyki.fr\/index.php\/es\/2024\/01\/16\/podemos-hablar-de-disciplina\/","name":"La disciplina en cuesti\u00f3n - Pigyki","isPartOf":{"@id":"https:\/\/pigyki.fr\/#website"},"primaryImageOfPage":{"@id":"https:\/\/pigyki.fr\/index.php\/es\/2024\/01\/16\/podemos-hablar-de-disciplina\/#primaryimage"},"image":{"@id":"https:\/\/pigyki.fr\/index.php\/es\/2024\/01\/16\/podemos-hablar-de-disciplina\/#primaryimage"},"thumbnailUrl":"https:\/\/pigyki.fr\/wp-content\/uploads\/2024\/01\/IMG_20210403_122036-scaled-e1635357881531-1-e1705394279530.jpg","datePublished":"2024-01-16T08:27:56+00:00","dateModified":"2024-01-19T21:26:09+00:00","breadcrumb":{"@id":"https:\/\/pigyki.fr\/index.php\/es\/2024\/01\/16\/podemos-hablar-de-disciplina\/#breadcrumb"},"inLanguage":"fr-FR","potentialAction":[{"@type":"ReadAction","target":["https:\/\/pigyki.fr\/index.php\/es\/2024\/01\/16\/podemos-hablar-de-disciplina\/"]}]},{"@type":"ImageObject","inLanguage":"fr-FR","@id":"https:\/\/pigyki.fr\/index.php\/es\/2024\/01\/16\/podemos-hablar-de-disciplina\/#primaryimage","url":"https:\/\/pigyki.fr\/wp-content\/uploads\/2024\/01\/IMG_20210403_122036-scaled-e1635357881531-1-e1705394279530.jpg","contentUrl":"https:\/\/pigyki.fr\/wp-content\/uploads\/2024\/01\/IMG_20210403_122036-scaled-e1635357881531-1-e1705394279530.jpg","width":2560,"height":1292},{"@type":"BreadcrumbList","@id":"https:\/\/pigyki.fr\/index.php\/es\/2024\/01\/16\/podemos-hablar-de-disciplina\/#breadcrumb","itemListElement":[{"@type":"ListItem","position":1,"name":"Accueil","item":"https:\/\/pigyki.fr\/"},{"@type":"ListItem","position":2,"name":"La disciplina en cuesti\u00f3n"}]},{"@type":"WebSite","@id":"https:\/\/pigyki.fr\/#website","url":"https:\/\/pigyki.fr\/","name":"Pigyki","description":"C.L. al fine","publisher":{"@id":"https:\/\/pigyki.fr\/#\/schema\/person\/69b76bc8a17bddaf3ffd40d3cc9a4161"},"potentialAction":[{"@type":"SearchAction","target":{"@type":"EntryPoint","urlTemplate":"https:\/\/pigyki.fr\/?s={search_term_string}"},"query-input":{"@type":"PropertyValueSpecification","valueRequired":true,"valueName":"search_term_string"}}],"inLanguage":"fr-FR"},{"@type":["Person","Organization"],"@id":"https:\/\/pigyki.fr\/#\/schema\/person\/69b76bc8a17bddaf3ffd40d3cc9a4161","name":"Pigyki","image":{"@type":"ImageObject","inLanguage":"fr-FR","@id":"https:\/\/pigyki.fr\/wp-content\/uploads\/2023\/06\/Logo-CL.jpg","url":"https:\/\/pigyki.fr\/wp-content\/uploads\/2023\/06\/Logo-CL.jpg","contentUrl":"https:\/\/pigyki.fr\/wp-content\/uploads\/2023\/06\/Logo-CL.jpg","width":524,"height":586,"caption":"Pigyki"},"logo":{"@id":"https:\/\/pigyki.fr\/wp-content\/uploads\/2023\/06\/Logo-CL.jpg"},"sameAs":["http:\/\/pigyki.fr"],"url":"https:\/\/pigyki.fr\/index.php\/author\/admin4451\/"}]}},"_links":{"self":[{"href":"https:\/\/pigyki.fr\/index.php\/wp-json\/wp\/v2\/posts\/1125","targetHints":{"allow":["GET"]}}],"collection":[{"href":"https:\/\/pigyki.fr\/index.php\/wp-json\/wp\/v2\/posts"}],"about":[{"href":"https:\/\/pigyki.fr\/index.php\/wp-json\/wp\/v2\/types\/post"}],"author":[{"embeddable":true,"href":"https:\/\/pigyki.fr\/index.php\/wp-json\/wp\/v2\/users\/1"}],"replies":[{"embeddable":true,"href":"https:\/\/pigyki.fr\/index.php\/wp-json\/wp\/v2\/comments?post=1125"}],"version-history":[{"count":7,"href":"https:\/\/pigyki.fr\/index.php\/wp-json\/wp\/v2\/posts\/1125\/revisions"}],"predecessor-version":[{"id":1209,"href":"https:\/\/pigyki.fr\/index.php\/wp-json\/wp\/v2\/posts\/1125\/revisions\/1209"}],"wp:featuredmedia":[{"embeddable":true,"href":"https:\/\/pigyki.fr\/index.php\/wp-json\/wp\/v2\/media\/1127"}],"wp:attachment":[{"href":"https:\/\/pigyki.fr\/index.php\/wp-json\/wp\/v2\/media?parent=1125"}],"wp:term":[{"taxonomy":"category","embeddable":true,"href":"https:\/\/pigyki.fr\/index.php\/wp-json\/wp\/v2\/categories?post=1125"},{"taxonomy":"post_tag","embeddable":true,"href":"https:\/\/pigyki.fr\/index.php\/wp-json\/wp\/v2\/tags?post=1125"}],"curies":[{"name":"wp","href":"https:\/\/api.w.org\/{rel}","templated":true}]}}